{"id":92528,"date":"2025-01-13T20:33:03","date_gmt":"2025-01-13T20:33:03","guid":{"rendered":"https:\/\/estado29.mx\/?p=92528"},"modified":"2025-01-13T20:33:04","modified_gmt":"2025-01-13T20:33:04","slug":"trabajan-autoridades-de-tequexquitla-en-beneficio-del-sector-educativo","status":"publish","type":"post","link":"https:\/\/estado29.mx\/?p=92528","title":{"rendered":"Trabajan autoridades de Tequexquitla en beneficio del Sector Educativo."},"content":{"rendered":"\n<p><br>La presidenta municipal de El Carmen Tequexquitla, Mar\u00eda Araceli Mart\u00ednez Cort\u00e9s, refiri\u00f3 que con el objetivo de brindar mejores condiciones educativas a los estudiantes de este lugar, se trabaja para traer una a universidad.<\/p>\n\n\n\n<p><br>La alcaldesa detall\u00f3, que se espera que para el pr\u00f3ximo ciclo escolar ya se inicie con las actividades, asimismo, que se prev\u00e9 que se tengan licenciaturas diversas para los estudiantes.<\/p>\n\n\n\n<p>Asimismo, destac\u00f3 que se busca traer licenciaturas atractivas para j\u00f3venes que actualmente cursan el nivel medio superior, de este y municipios vecinos.<\/p>\n\n\n\n<p>Para finalizar, agreg\u00f3 que se trabajar\u00e1 de forma coordinada, pues se buscar\u00e1 que los alumnos paguen el 50 por ciento de las colegiaturas y el ayuntamiento, en apoyo a los estudiantes, pague el otro 50 por ciento.<\/p>\n\n\n\n<p>Para mayor informacion, los alumnos interesados, deber\u00e1n acudir a las instalaciones de la presidencia municipal, para realizar su proceso de inscripci\u00f3n.<\/p>\n\n\n<figure class=\"wp-block-post-featured-image\"><img loading=\"lazy\" decoding=\"async\" width=\"2560\" height=\"1920\" src=\"https:\/\/estado29.mx\/wp-content\/uploads\/2025\/01\/IMG_20241125_135637-min-scaled.jpg\" class=\"attachment-post-thumbnail size-post-thumbnail wp-post-image\" alt=\"\" style=\"object-fit:cover;\" srcset=\"https:\/\/estado29.mx\/wp-content\/uploads\/2025\/01\/IMG_20241125_135637-min-scaled.jpg 2560w, https:\/\/estado29.mx\/wp-content\/uploads\/2025\/01\/IMG_20241125_135637-min-300x225.jpg 300w, https:\/\/estado29.mx\/wp-content\/uploads\/2025\/01\/IMG_20241125_135637-min-1024x768.jpg 1024w, https:\/\/estado29.mx\/wp-content\/uploads\/2025\/01\/IMG_20241125_135637-min-768x576.jpg 768w, https:\/\/estado29.mx\/wp-content\/uploads\/2025\/01\/IMG_20241125_135637-min-1536x1152.jpg 1536w, https:\/\/estado29.mx\/wp-content\/uploads\/2025\/01\/IMG_20241125_135637-min-2048x1536.jpg 2048w, https:\/\/estado29.mx\/wp-content\/uploads\/2025\/01\/IMG_20241125_135637-min-750x563.jpg 750w, https:\/\/estado29.mx\/wp-content\/uploads\/2025\/01\/IMG_20241125_135637-min-1140x855.jpg 1140w\" sizes=\"auto, (max-width: 2560px) 100vw, 2560px\" \/><\/figure>","protected":false},"excerpt":{"rendered":"<p>La presidenta municipal de El Carmen Tequexquitla, Mar\u00eda Araceli Mart\u00ednez Cort\u00e9s, refiri\u00f3 que con el objetivo de brindar mejores condiciones educativas a los estudiantes de este lugar, se trabaja para traer una a universidad. La alcaldesa detall\u00f3, que se espera que para el pr\u00f3ximo ciclo escolar ya se inicie con las actividades, asimismo, que se [&hellip;]<\/p>\n","protected":false},"author":7,"featured_media":92529,"comment_status":"open","ping_status":"open","sticky":false,"template":"","format":"standard","meta":{"om_disable_all_campaigns":false,"_monsterinsights_skip_tracking":false,"_monsterinsights_sitenote_active":false,"_monsterinsights_sitenote_note":"","_monsterinsights_sitenote_category":0,"jnews-multi-image_gallery":[],"jnews_single_post":{"format":"standard"},"jnews_primary_category":[],"footnotes":""},"categories":[1],"tags":[],"class_list":["post-92528","post","type-post","status-publish","format-standard","has-post-thumbnail","hentry","category-uncategorized"],"aioseo_notices":[],"_links":{"self":[{"href":"https:\/\/estado29.mx\/index.php?rest_route=\/wp\/v2\/posts\/92528","targetHints":{"allow":["GET"]}}],"collection":[{"href":"https:\/\/estado29.mx\/index.php?rest_route=\/wp\/v2\/posts"}],"about":[{"href":"https:\/\/estado29.mx\/index.php?rest_route=\/wp\/v2\/types\/post"}],"author":[{"embeddable":true,"href":"https:\/\/estado29.mx\/index.php?rest_route=\/wp\/v2\/users\/7"}],"replies":[{"embeddable":true,"href":"https:\/\/estado29.mx\/index.php?rest_route=%2Fwp%2Fv2%2Fcomments&post=92528"}],"version-history":[{"count":1,"href":"https:\/\/estado29.mx\/index.php?rest_route=\/wp\/v2\/posts\/92528\/revisions"}],"predecessor-version":[{"id":92530,"href":"https:\/\/estado29.mx\/index.php?rest_route=\/wp\/v2\/posts\/92528\/revisions\/92530"}],"wp:featuredmedia":[{"embeddable":true,"href":"https:\/\/estado29.mx\/index.php?rest_route=\/wp\/v2\/media\/92529"}],"wp:attachment":[{"href":"https:\/\/estado29.mx\/index.php?rest_route=%2Fwp%2Fv2%2Fmedia&parent=92528"}],"wp:term":[{"taxonomy":"category","embeddable":true,"href":"https:\/\/estado29.mx\/index.php?rest_route=%2Fwp%2Fv2%2Fcategories&post=92528"},{"taxonomy":"post_tag","embeddable":true,"href":"https:\/\/estado29.mx\/index.php?rest_route=%2Fwp%2Fv2%2Ftags&post=92528"}],"curies":[{"name":"wp","href":"https:\/\/api.w.org\/{rel}","templated":true}]}}