{"id":92531,"date":"2025-01-13T20:41:05","date_gmt":"2025-01-13T20:41:05","guid":{"rendered":"https:\/\/estado29.mx\/?p=92531"},"modified":"2025-01-13T20:41:05","modified_gmt":"2025-01-13T20:41:05","slug":"presentaran-en-proximas-fechas-plan-de-ejecucion-de-obra-publica-en-tequexquitla","status":"publish","type":"post","link":"https:\/\/estado29.mx\/?p=92531","title":{"rendered":"Presentar\u00e1n en pr\u00f3ximas fechas plan de ejecuci\u00f3n de obra p\u00fablica en Tequexquitla."},"content":{"rendered":"\n<p><br>La Presidenta municipal de El Carmen Tequexquitla, Mar\u00eda Araceli Mart\u00ednez Cort\u00e9s, refiri\u00f3 que ya esta pr\u00f3ximo a presentarse el plan de ejecuci\u00f3n de obra publica, para el presente a\u00f1o.<\/p>\n\n\n\n<p><br>La alcaldesa destac\u00f3 que a\u00fan se ejecutan algunas obras en este lugar, como es una techumbre en la comunidad, La Soledad, perteneciente a este lugar.<\/p>\n\n\n\n<figure class=\"wp-block-image size-full\"><img loading=\"lazy\" decoding=\"async\" width=\"720\" height=\"396\" src=\"https:\/\/estado29.mx\/wp-content\/uploads\/2025\/01\/FB_IMG_17368007223872.jpg\" alt=\"\" class=\"wp-image-92533\" srcset=\"https:\/\/estado29.mx\/wp-content\/uploads\/2025\/01\/FB_IMG_17368007223872.jpg 720w, https:\/\/estado29.mx\/wp-content\/uploads\/2025\/01\/FB_IMG_17368007223872-300x165.jpg 300w\" sizes=\"auto, (max-width: 720px) 100vw, 720px\" \/><\/figure>\n\n\n\n<p><br>Asimismo, estim\u00f3 que ser\u00e1 en el mes de febrero cuando ya se inicie con la ejecuci\u00f3n de obras, por lo que m\u00e1s tardar a fin de enero se tendr\u00e1 el plan detallado de las obras que se llevar\u00e1n a cabo en el lugar.<\/p>\n\n\n\n<p>La edil agreg\u00f3 que la aprobaci\u00f3n de las obras a realizarse para este a\u00f1o, en este lugar, ser\u00e1 aprobadas mediante cabildo, para tener un mayor acuerdo.<\/p>\n\n\n<figure class=\"wp-block-post-featured-image\"><img loading=\"lazy\" decoding=\"async\" width=\"720\" height=\"391\" src=\"https:\/\/estado29.mx\/wp-content\/uploads\/2025\/01\/FB_IMG_17368007555162.jpg\" class=\"attachment-post-thumbnail size-post-thumbnail wp-post-image\" alt=\"\" style=\"object-fit:cover;\" srcset=\"https:\/\/estado29.mx\/wp-content\/uploads\/2025\/01\/FB_IMG_17368007555162.jpg 720w, https:\/\/estado29.mx\/wp-content\/uploads\/2025\/01\/FB_IMG_17368007555162-300x163.jpg 300w\" sizes=\"auto, (max-width: 720px) 100vw, 720px\" \/><\/figure>","protected":false},"excerpt":{"rendered":"<p>La Presidenta municipal de El Carmen Tequexquitla, Mar\u00eda Araceli Mart\u00ednez Cort\u00e9s, refiri\u00f3 que ya esta pr\u00f3ximo a presentarse el plan de ejecuci\u00f3n de obra publica, para el presente a\u00f1o. La alcaldesa destac\u00f3 que a\u00fan se ejecutan algunas obras en este lugar, como es una techumbre en la comunidad, La Soledad, perteneciente a este lugar. Asimismo, [&hellip;]<\/p>\n","protected":false},"author":7,"featured_media":92532,"comment_status":"open","ping_status":"open","sticky":false,"template":"","format":"standard","meta":{"om_disable_all_campaigns":false,"_monsterinsights_skip_tracking":false,"_monsterinsights_sitenote_active":false,"_monsterinsights_sitenote_note":"","_monsterinsights_sitenote_category":0,"jnews-multi-image_gallery":[],"jnews_single_post":{"format":"standard"},"jnews_primary_category":[],"footnotes":""},"categories":[1],"tags":[],"class_list":["post-92531","post","type-post","status-publish","format-standard","has-post-thumbnail","hentry","category-uncategorized"],"aioseo_notices":[],"_links":{"self":[{"href":"https:\/\/estado29.mx\/index.php?rest_route=\/wp\/v2\/posts\/92531","targetHints":{"allow":["GET"]}}],"collection":[{"href":"https:\/\/estado29.mx\/index.php?rest_route=\/wp\/v2\/posts"}],"about":[{"href":"https:\/\/estado29.mx\/index.php?rest_route=\/wp\/v2\/types\/post"}],"author":[{"embeddable":true,"href":"https:\/\/estado29.mx\/index.php?rest_route=\/wp\/v2\/users\/7"}],"replies":[{"embeddable":true,"href":"https:\/\/estado29.mx\/index.php?rest_route=%2Fwp%2Fv2%2Fcomments&post=92531"}],"version-history":[{"count":1,"href":"https:\/\/estado29.mx\/index.php?rest_route=\/wp\/v2\/posts\/92531\/revisions"}],"predecessor-version":[{"id":92534,"href":"https:\/\/estado29.mx\/index.php?rest_route=\/wp\/v2\/posts\/92531\/revisions\/92534"}],"wp:featuredmedia":[{"embeddable":true,"href":"https:\/\/estado29.mx\/index.php?rest_route=\/wp\/v2\/media\/92532"}],"wp:attachment":[{"href":"https:\/\/estado29.mx\/index.php?rest_route=%2Fwp%2Fv2%2Fmedia&parent=92531"}],"wp:term":[{"taxonomy":"category","embeddable":true,"href":"https:\/\/estado29.mx\/index.php?rest_route=%2Fwp%2Fv2%2Fcategories&post=92531"},{"taxonomy":"post_tag","embeddable":true,"href":"https:\/\/estado29.mx\/index.php?rest_route=%2Fwp%2Fv2%2Ftags&post=92531"}],"curies":[{"name":"wp","href":"https:\/\/api.w.org\/{rel}","templated":true}]}}