{"id":92591,"date":"2025-01-15T20:08:24","date_gmt":"2025-01-15T20:08:24","guid":{"rendered":"https:\/\/estado29.mx\/?p=92591"},"modified":"2025-01-15T20:08:24","modified_gmt":"2025-01-15T20:08:24","slug":"firma-convenio-ayuntamiento-de-cuapiaxtla-con-la-secretaria-de-educacion-publica-y-la-unidad-de-servicios-educativos-del-estado-de-tlaxcala","status":"publish","type":"post","link":"https:\/\/estado29.mx\/?p=92591","title":{"rendered":"Firma Convenio Ayuntamiento de Cuapiaxtla con la Secretar\u00eda de Educaci\u00f3n P\u00fablica y la Unidad de Servicios Educativos del Estado de Tlaxcala."},"content":{"rendered":"\n<p><br>Este mi\u00e9rcoles 15 de enero del a\u00f1o en curso, la Presidenta Municipal de Cuapiaxtla, Alma Lorena Escobar Gonz\u00e1lez, llev\u00f3 a cabo la firma de &#8220;Convenio Territorial de Coordinaci\u00f3n y Concurrencia&#8221; con La Secretar\u00eda de Educaci\u00f3n P\u00fablica del Estado y la Unidad de Servicios Educativos del Estado de Tlaxcala (SEPE-USET).<\/p>\n\n\n\n<figure class=\"wp-block-image size-full\"><img loading=\"lazy\" decoding=\"async\" width=\"720\" height=\"480\" src=\"https:\/\/estado29.mx\/wp-content\/uploads\/2025\/01\/FB_IMG_1736971490455.jpg\" alt=\"\" class=\"wp-image-92593\" srcset=\"https:\/\/estado29.mx\/wp-content\/uploads\/2025\/01\/FB_IMG_1736971490455.jpg 720w, https:\/\/estado29.mx\/wp-content\/uploads\/2025\/01\/FB_IMG_1736971490455-300x200.jpg 300w\" sizes=\"auto, (max-width: 720px) 100vw, 720px\" \/><\/figure>\n\n\n\n<p><br>Esta firma, tiene como objetivo principal, establecer los mecanismos de colaboraci\u00f3n en beneficio de las ni\u00f1as, ni\u00f1os, adolescentes y j\u00f3venes de la comunidad estudiantil, as\u00ed como de la poblaci\u00f3n en general.<\/p>\n\n\n\n<p><br>Este acuerdo fue presidido por el Director de Planeaci\u00f3n Educativa de la SEPE-USET, Omar Cuatianquiz \u00c1vila, en representaci\u00f3n del secretario de Educaci\u00f3n P\u00fablica del Estado, Homero Meneses Hern\u00e1ndez y la alcaldesa, Alma Lorena Escobar Gonz\u00e1lez.<\/p>\n\n\n\n<figure class=\"wp-block-image size-full\"><img loading=\"lazy\" decoding=\"async\" width=\"720\" height=\"480\" src=\"https:\/\/estado29.mx\/wp-content\/uploads\/2025\/01\/FB_IMG_1736971494843.jpg\" alt=\"\" class=\"wp-image-92594\" srcset=\"https:\/\/estado29.mx\/wp-content\/uploads\/2025\/01\/FB_IMG_1736971494843.jpg 720w, https:\/\/estado29.mx\/wp-content\/uploads\/2025\/01\/FB_IMG_1736971494843-300x200.jpg 300w\" sizes=\"auto, (max-width: 720px) 100vw, 720px\" \/><\/figure>\n\n\n\n<p><br>La solicitud en este convenio por parte de la SEPE-USET, es la apertura y fortalecimiento de espacios educativos, el desarrollo de capacidades t\u00e9cnicas y profesionales del personal encargado de las bibliotecas, la ampliaci\u00f3n de la cobertura de las Misiones Culturales, el robustecimiento de las Plazas Comunitarias, a trav\u00e9s del Instituto Tlaxcalteca de Educaci\u00f3n para Adultos (ITEA), y el incremento de la atenci\u00f3n a ni\u00f1os y ni\u00f1as con necesidades educativas especiales.<\/p>\n\n\n\n<p><br>La edil, Alma Lorena Escobar Gonz\u00e1lez, refrend\u00f3 su compromiso en garantizar el acceso a los servicios b\u00e1sicos municipales, respetar los espacios otorgados para el funcionamiento eficiente de la biblioteca municipal y proporcionar los lugares adecuados para la operaci\u00f3n de las Misiones Culturales.<\/p>\n\n\n<figure class=\"wp-block-post-featured-image\"><img loading=\"lazy\" decoding=\"async\" width=\"720\" height=\"480\" src=\"https:\/\/estado29.mx\/wp-content\/uploads\/2025\/01\/FB_IMG_1736971482787.jpg\" class=\"attachment-post-thumbnail size-post-thumbnail wp-post-image\" alt=\"\" style=\"object-fit:cover;\" srcset=\"https:\/\/estado29.mx\/wp-content\/uploads\/2025\/01\/FB_IMG_1736971482787.jpg 720w, https:\/\/estado29.mx\/wp-content\/uploads\/2025\/01\/FB_IMG_1736971482787-300x200.jpg 300w\" sizes=\"auto, (max-width: 720px) 100vw, 720px\" \/><\/figure>\n\n\n<p><br>Para finalizar el acto protocolario, rindieron protesta los integrantes del Comit\u00e9 de Cambio Clim\u00e1tico Municipal, a fin de implementar acciones para el cuidado del medio ambiente.<\/p>\n","protected":false},"excerpt":{"rendered":"<p>Este mi\u00e9rcoles 15 de enero del a\u00f1o en curso, la Presidenta Municipal de Cuapiaxtla, Alma Lorena Escobar Gonz\u00e1lez, llev\u00f3 a cabo la firma de &#8220;Convenio Territorial de Coordinaci\u00f3n y Concurrencia&#8221; con La Secretar\u00eda de Educaci\u00f3n P\u00fablica del Estado y la Unidad de Servicios Educativos del Estado de Tlaxcala (SEPE-USET). Esta firma, tiene como objetivo principal, [&hellip;]<\/p>\n","protected":false},"author":7,"featured_media":92592,"comment_status":"open","ping_status":"open","sticky":false,"template":"","format":"standard","meta":{"om_disable_all_campaigns":false,"_monsterinsights_skip_tracking":false,"_monsterinsights_sitenote_active":false,"_monsterinsights_sitenote_note":"","_monsterinsights_sitenote_category":0,"jnews-multi-image_gallery":[],"jnews_single_post":{"format":"standard"},"jnews_primary_category":[],"footnotes":""},"categories":[1],"tags":[],"class_list":["post-92591","post","type-post","status-publish","format-standard","has-post-thumbnail","hentry","category-uncategorized"],"aioseo_notices":[],"_links":{"self":[{"href":"https:\/\/estado29.mx\/index.php?rest_route=\/wp\/v2\/posts\/92591","targetHints":{"allow":["GET"]}}],"collection":[{"href":"https:\/\/estado29.mx\/index.php?rest_route=\/wp\/v2\/posts"}],"about":[{"href":"https:\/\/estado29.mx\/index.php?rest_route=\/wp\/v2\/types\/post"}],"author":[{"embeddable":true,"href":"https:\/\/estado29.mx\/index.php?rest_route=\/wp\/v2\/users\/7"}],"replies":[{"embeddable":true,"href":"https:\/\/estado29.mx\/index.php?rest_route=%2Fwp%2Fv2%2Fcomments&post=92591"}],"version-history":[{"count":1,"href":"https:\/\/estado29.mx\/index.php?rest_route=\/wp\/v2\/posts\/92591\/revisions"}],"predecessor-version":[{"id":92595,"href":"https:\/\/estado29.mx\/index.php?rest_route=\/wp\/v2\/posts\/92591\/revisions\/92595"}],"wp:featuredmedia":[{"embeddable":true,"href":"https:\/\/estado29.mx\/index.php?rest_route=\/wp\/v2\/media\/92592"}],"wp:attachment":[{"href":"https:\/\/estado29.mx\/index.php?rest_route=%2Fwp%2Fv2%2Fmedia&parent=92591"}],"wp:term":[{"taxonomy":"category","embeddable":true,"href":"https:\/\/estado29.mx\/index.php?rest_route=%2Fwp%2Fv2%2Fcategories&post=92591"},{"taxonomy":"post_tag","embeddable":true,"href":"https:\/\/estado29.mx\/index.php?rest_route=%2Fwp%2Fv2%2Ftags&post=92591"}],"curies":[{"name":"wp","href":"https:\/\/api.w.org\/{rel}","templated":true}]}}