{"id":92601,"date":"2025-01-15T21:29:28","date_gmt":"2025-01-15T21:29:28","guid":{"rendered":"https:\/\/estado29.mx\/?p=92601"},"modified":"2025-01-15T21:29:29","modified_gmt":"2025-01-15T21:29:29","slug":"invita-centro-cultural-huamantla-este-jueves-16-de-enero-a-su-concierto-de-piano","status":"publish","type":"post","link":"https:\/\/estado29.mx\/?p=92601","title":{"rendered":"Invita Centro Cultural Huamantla este jueves 16 de enero a su \u201cConcierto de Piano\u201d."},"content":{"rendered":"\n<p><br>El Centro Cultural Huamantla, Dirigido por Manuel de la Vega Moreno y Coordinado por Mar\u00eda Elena D\u00edaz hacen extensa la invitaci\u00f3n a la ciudadan\u00eda en general para que acudan a su &#8220;Concierto de Piano&#8221;.<\/p>\n\n\n\n<p><br>El evento se llevar\u00e1 a cabo hoy jueves 16 de enero, en el Auditorio Javier Barros Valero, del Centro Cultural Huamantla, a las cinco de la tarde.<\/p>\n\n\n\n<p><br>Este concierto, estar\u00e1 a cargo del pianista Taiwan\u00e9s Chiu Yu Ch\u00e9n, quien hace la invitaci\u00f3n a los huamantlecos para que acudan a su presentaci\u00f3n.<\/p>\n\n\n<figure class=\"wp-block-post-featured-image\"><img loading=\"lazy\" decoding=\"async\" width=\"1280\" height=\"720\" src=\"https:\/\/estado29.mx\/wp-content\/uploads\/2025\/01\/IMG-20250114-WA0039.jpg\" class=\"attachment-post-thumbnail size-post-thumbnail wp-post-image\" alt=\"\" style=\"object-fit:cover;\" srcset=\"https:\/\/estado29.mx\/wp-content\/uploads\/2025\/01\/IMG-20250114-WA0039.jpg 1280w, https:\/\/estado29.mx\/wp-content\/uploads\/2025\/01\/IMG-20250114-WA0039-300x169.jpg 300w, https:\/\/estado29.mx\/wp-content\/uploads\/2025\/01\/IMG-20250114-WA0039-1024x576.jpg 1024w, https:\/\/estado29.mx\/wp-content\/uploads\/2025\/01\/IMG-20250114-WA0039-768x432.jpg 768w, https:\/\/estado29.mx\/wp-content\/uploads\/2025\/01\/IMG-20250114-WA0039-750x422.jpg 750w, https:\/\/estado29.mx\/wp-content\/uploads\/2025\/01\/IMG-20250114-WA0039-1140x641.jpg 1140w\" sizes=\"auto, (max-width: 1280px) 100vw, 1280px\" \/><\/figure>","protected":false},"excerpt":{"rendered":"<p>El Centro Cultural Huamantla, Dirigido por Manuel de la Vega Moreno y Coordinado por Mar\u00eda Elena D\u00edaz hacen extensa la invitaci\u00f3n a la ciudadan\u00eda en general para que acudan a su &#8220;Concierto de Piano&#8221;. El evento se llevar\u00e1 a cabo hoy jueves 16 de enero, en el Auditorio Javier Barros Valero, del Centro Cultural Huamantla, [&hellip;]<\/p>\n","protected":false},"author":7,"featured_media":92602,"comment_status":"open","ping_status":"open","sticky":false,"template":"","format":"standard","meta":{"om_disable_all_campaigns":false,"_monsterinsights_skip_tracking":false,"_monsterinsights_sitenote_active":false,"_monsterinsights_sitenote_note":"","_monsterinsights_sitenote_category":0,"jnews-multi-image_gallery":[],"jnews_single_post":{"format":"standard"},"jnews_primary_category":[],"footnotes":""},"categories":[1],"tags":[],"class_list":["post-92601","post","type-post","status-publish","format-standard","has-post-thumbnail","hentry","category-uncategorized"],"aioseo_notices":[],"_links":{"self":[{"href":"https:\/\/estado29.mx\/index.php?rest_route=\/wp\/v2\/posts\/92601","targetHints":{"allow":["GET"]}}],"collection":[{"href":"https:\/\/estado29.mx\/index.php?rest_route=\/wp\/v2\/posts"}],"about":[{"href":"https:\/\/estado29.mx\/index.php?rest_route=\/wp\/v2\/types\/post"}],"author":[{"embeddable":true,"href":"https:\/\/estado29.mx\/index.php?rest_route=\/wp\/v2\/users\/7"}],"replies":[{"embeddable":true,"href":"https:\/\/estado29.mx\/index.php?rest_route=%2Fwp%2Fv2%2Fcomments&post=92601"}],"version-history":[{"count":1,"href":"https:\/\/estado29.mx\/index.php?rest_route=\/wp\/v2\/posts\/92601\/revisions"}],"predecessor-version":[{"id":92603,"href":"https:\/\/estado29.mx\/index.php?rest_route=\/wp\/v2\/posts\/92601\/revisions\/92603"}],"wp:featuredmedia":[{"embeddable":true,"href":"https:\/\/estado29.mx\/index.php?rest_route=\/wp\/v2\/media\/92602"}],"wp:attachment":[{"href":"https:\/\/estado29.mx\/index.php?rest_route=%2Fwp%2Fv2%2Fmedia&parent=92601"}],"wp:term":[{"taxonomy":"category","embeddable":true,"href":"https:\/\/estado29.mx\/index.php?rest_route=%2Fwp%2Fv2%2Fcategories&post=92601"},{"taxonomy":"post_tag","embeddable":true,"href":"https:\/\/estado29.mx\/index.php?rest_route=%2Fwp%2Fv2%2Ftags&post=92601"}],"curies":[{"name":"wp","href":"https:\/\/api.w.org\/{rel}","templated":true}]}}