{"id":92605,"date":"2025-01-15T23:38:45","date_gmt":"2025-01-15T23:38:45","guid":{"rendered":"https:\/\/estado29.mx\/?p=92605"},"modified":"2025-01-15T23:38:45","modified_gmt":"2025-01-15T23:38:45","slug":"saldo-blanco-deja-choque-en-cuapiaxtla","status":"publish","type":"post","link":"https:\/\/estado29.mx\/?p=92605","title":{"rendered":"Saldo blanco deja choque en Cuapiaxtla."},"content":{"rendered":"\n<p><br>La tarde de este mi\u00e9rcoles 15 de enero del a\u00f1o en curso, se registr\u00f3 un accidente en la Carretera M\u00e9xico- Veracruz, a la altura del municipio de Cuapiaxtla, el cual se dio entre una unidad de carga pesada (tr\u00e1iler) y un carro particular.<\/p>\n\n\n\n<figure class=\"wp-block-image size-large\"><img loading=\"lazy\" decoding=\"async\" width=\"1024\" height=\"576\" src=\"https:\/\/estado29.mx\/wp-content\/uploads\/2025\/01\/IMG-20250115-WA0045-1024x576.jpg\" alt=\"\" class=\"wp-image-92607\" srcset=\"https:\/\/estado29.mx\/wp-content\/uploads\/2025\/01\/IMG-20250115-WA0045-1024x576.jpg 1024w, https:\/\/estado29.mx\/wp-content\/uploads\/2025\/01\/IMG-20250115-WA0045-300x169.jpg 300w, https:\/\/estado29.mx\/wp-content\/uploads\/2025\/01\/IMG-20250115-WA0045-768x432.jpg 768w, https:\/\/estado29.mx\/wp-content\/uploads\/2025\/01\/IMG-20250115-WA0045-1536x864.jpg 1536w, https:\/\/estado29.mx\/wp-content\/uploads\/2025\/01\/IMG-20250115-WA0045-750x422.jpg 750w, https:\/\/estado29.mx\/wp-content\/uploads\/2025\/01\/IMG-20250115-WA0045-1140x641.jpg 1140w, https:\/\/estado29.mx\/wp-content\/uploads\/2025\/01\/IMG-20250115-WA0045.jpg 1600w\" sizes=\"auto, (max-width: 1024px) 100vw, 1024px\" \/><\/figure>\n\n\n\n<p><br>Al parecer, las causas del mismo fue la lluvia que en ese momento predominaba el lugar y a que se puede apreciar que la unidad pesada circulaba en contra sentido.<\/p>\n\n\n\n<p><br>De acuerdo con la versi\u00f3n del T\u00e9cnico en Atenci\u00f3n M\u00e9dica Pre-hospitalaria en la Direcci\u00f3n de Protecci\u00f3n Civil del Municipio de Cuapiaxtla, Jos\u00e9 Carlos G\u00f3mez Hern\u00e1ndez, no hubo lesionados, tampoco decesos, por lo que los da\u00f1os solo son materiales.<\/p>\n\n\n<figure class=\"wp-block-post-featured-image\"><img loading=\"lazy\" decoding=\"async\" width=\"1600\" height=\"900\" src=\"https:\/\/estado29.mx\/wp-content\/uploads\/2025\/01\/IMG-20250115-WA0044.jpg\" class=\"attachment-post-thumbnail size-post-thumbnail wp-post-image\" alt=\"\" style=\"object-fit:cover;\" srcset=\"https:\/\/estado29.mx\/wp-content\/uploads\/2025\/01\/IMG-20250115-WA0044.jpg 1600w, https:\/\/estado29.mx\/wp-content\/uploads\/2025\/01\/IMG-20250115-WA0044-300x169.jpg 300w, https:\/\/estado29.mx\/wp-content\/uploads\/2025\/01\/IMG-20250115-WA0044-1024x576.jpg 1024w, https:\/\/estado29.mx\/wp-content\/uploads\/2025\/01\/IMG-20250115-WA0044-768x432.jpg 768w, https:\/\/estado29.mx\/wp-content\/uploads\/2025\/01\/IMG-20250115-WA0044-1536x864.jpg 1536w, https:\/\/estado29.mx\/wp-content\/uploads\/2025\/01\/IMG-20250115-WA0044-750x422.jpg 750w, https:\/\/estado29.mx\/wp-content\/uploads\/2025\/01\/IMG-20250115-WA0044-1140x641.jpg 1140w\" sizes=\"auto, (max-width: 1600px) 100vw, 1600px\" \/><\/figure>","protected":false},"excerpt":{"rendered":"<p>La tarde de este mi\u00e9rcoles 15 de enero del a\u00f1o en curso, se registr\u00f3 un accidente en la Carretera M\u00e9xico- Veracruz, a la altura del municipio de Cuapiaxtla, el cual se dio entre una unidad de carga pesada (tr\u00e1iler) y un carro particular. Al parecer, las causas del mismo fue la lluvia que en ese [&hellip;]<\/p>\n","protected":false},"author":7,"featured_media":92606,"comment_status":"open","ping_status":"open","sticky":false,"template":"","format":"standard","meta":{"om_disable_all_campaigns":false,"_monsterinsights_skip_tracking":false,"_monsterinsights_sitenote_active":false,"_monsterinsights_sitenote_note":"","_monsterinsights_sitenote_category":0,"jnews-multi-image_gallery":[],"jnews_single_post":{"format":"standard"},"jnews_primary_category":[],"footnotes":""},"categories":[1],"tags":[],"class_list":["post-92605","post","type-post","status-publish","format-standard","has-post-thumbnail","hentry","category-uncategorized"],"aioseo_notices":[],"_links":{"self":[{"href":"https:\/\/estado29.mx\/index.php?rest_route=\/wp\/v2\/posts\/92605","targetHints":{"allow":["GET"]}}],"collection":[{"href":"https:\/\/estado29.mx\/index.php?rest_route=\/wp\/v2\/posts"}],"about":[{"href":"https:\/\/estado29.mx\/index.php?rest_route=\/wp\/v2\/types\/post"}],"author":[{"embeddable":true,"href":"https:\/\/estado29.mx\/index.php?rest_route=\/wp\/v2\/users\/7"}],"replies":[{"embeddable":true,"href":"https:\/\/estado29.mx\/index.php?rest_route=%2Fwp%2Fv2%2Fcomments&post=92605"}],"version-history":[{"count":1,"href":"https:\/\/estado29.mx\/index.php?rest_route=\/wp\/v2\/posts\/92605\/revisions"}],"predecessor-version":[{"id":92608,"href":"https:\/\/estado29.mx\/index.php?rest_route=\/wp\/v2\/posts\/92605\/revisions\/92608"}],"wp:featuredmedia":[{"embeddable":true,"href":"https:\/\/estado29.mx\/index.php?rest_route=\/wp\/v2\/media\/92606"}],"wp:attachment":[{"href":"https:\/\/estado29.mx\/index.php?rest_route=%2Fwp%2Fv2%2Fmedia&parent=92605"}],"wp:term":[{"taxonomy":"category","embeddable":true,"href":"https:\/\/estado29.mx\/index.php?rest_route=%2Fwp%2Fv2%2Fcategories&post=92605"},{"taxonomy":"post_tag","embeddable":true,"href":"https:\/\/estado29.mx\/index.php?rest_route=%2Fwp%2Fv2%2Ftags&post=92605"}],"curies":[{"name":"wp","href":"https:\/\/api.w.org\/{rel}","templated":true}]}}