{"id":92616,"date":"2025-01-16T01:30:39","date_gmt":"2025-01-16T01:30:39","guid":{"rendered":"https:\/\/estado29.mx\/?p=92616"},"modified":"2025-01-16T01:30:40","modified_gmt":"2025-01-16T01:30:40","slug":"dan-autoridades-de-ixtenco-banderazo-de-obra-de-pavimentacion-en-calle-6-oriente","status":"publish","type":"post","link":"https:\/\/estado29.mx\/?p=92616","title":{"rendered":"Dan Autoridades de Ixtenco banderazo de obra de Pavimentaci\u00f3n en Calle 6 Oriente."},"content":{"rendered":"\n<p><\/p>\n\n\n\n<p>Este mi\u00e9rcoles 15 de enero de 2025, autoridades del municipio de Ixtenco, dieron inicio a los trabajos de Rehabilitaci\u00f3n de Pavimento con Adocreto en la Calle 6 Oriente, sumado a ello, se realizar\u00e1 cambi\u00f3 de tuber\u00eda de agua potable y drenaje sanitario, con una inversi\u00f3n de 604 mil 911 pesos, proveniente del Fondo de Participaciones e Incentivos Econ\u00f3micos (Gasto Corriente 2024).<\/p>\n\n\n\n<p>La obra tiene una meta de construcci\u00f3n de 507.48 metros cuadrado, que beneficiar\u00e1 directamente a m\u00e1s de 25 familias de la zona y se ejecutar\u00e1 en un plazo de 60 d\u00edas naturales.<\/p>\n\n\n\n<figure class=\"wp-block-image size-large\"><img loading=\"lazy\" decoding=\"async\" width=\"1024\" height=\"682\" src=\"https:\/\/estado29.mx\/wp-content\/uploads\/2025\/01\/IMG-20250115-WA0040-1024x682.jpg\" alt=\"\" class=\"wp-image-92618\" srcset=\"https:\/\/estado29.mx\/wp-content\/uploads\/2025\/01\/IMG-20250115-WA0040-1024x682.jpg 1024w, https:\/\/estado29.mx\/wp-content\/uploads\/2025\/01\/IMG-20250115-WA0040-300x200.jpg 300w, https:\/\/estado29.mx\/wp-content\/uploads\/2025\/01\/IMG-20250115-WA0040-768x512.jpg 768w, https:\/\/estado29.mx\/wp-content\/uploads\/2025\/01\/IMG-20250115-WA0040-1536x1024.jpg 1536w, https:\/\/estado29.mx\/wp-content\/uploads\/2025\/01\/IMG-20250115-WA0040-2048x1365.jpg 2048w, https:\/\/estado29.mx\/wp-content\/uploads\/2025\/01\/IMG-20250115-WA0040-750x500.jpg 750w, https:\/\/estado29.mx\/wp-content\/uploads\/2025\/01\/IMG-20250115-WA0040-1140x760.jpg 1140w\" sizes=\"auto, (max-width: 1024px) 100vw, 1024px\" \/><\/figure>\n\n\n\n<p><br>Durante el evento de arranque, la presidenta municipal, Aline Lazo Caballero, destac\u00f3 la importancia de estas acciones para el desarrollo de la comunidad.<\/p>\n\n\n\n<p><br>En su mensaje, la alcaldesa agreg\u00f3 que &#8220;Estas obras son necesarias para fortalecer la infraestructura y mejorar el bienestar de las familias de nuestro municipio&#8221;, destac\u00f3 Aline Lazo Caballero.<\/p>\n\n\n\n<figure class=\"wp-block-image size-large\"><img loading=\"lazy\" decoding=\"async\" width=\"1024\" height=\"682\" src=\"https:\/\/estado29.mx\/wp-content\/uploads\/2025\/01\/IMG-20250115-WA0041-1024x682.jpg\" alt=\"\" class=\"wp-image-92619\" srcset=\"https:\/\/estado29.mx\/wp-content\/uploads\/2025\/01\/IMG-20250115-WA0041-1024x682.jpg 1024w, https:\/\/estado29.mx\/wp-content\/uploads\/2025\/01\/IMG-20250115-WA0041-300x200.jpg 300w, https:\/\/estado29.mx\/wp-content\/uploads\/2025\/01\/IMG-20250115-WA0041-768x512.jpg 768w, https:\/\/estado29.mx\/wp-content\/uploads\/2025\/01\/IMG-20250115-WA0041-1536x1024.jpg 1536w, https:\/\/estado29.mx\/wp-content\/uploads\/2025\/01\/IMG-20250115-WA0041-2048x1365.jpg 2048w, https:\/\/estado29.mx\/wp-content\/uploads\/2025\/01\/IMG-20250115-WA0041-750x500.jpg 750w, https:\/\/estado29.mx\/wp-content\/uploads\/2025\/01\/IMG-20250115-WA0041-1140x760.jpg 1140w\" sizes=\"auto, (max-width: 1024px) 100vw, 1024px\" \/><\/figure>\n\n\n\n<p>Destac\u00f3 que esta obra es posible gracias a las pol\u00edticas de ahorro y austeridad implementadas por el municipio, lo que ha permitido destinar los recursos necesarios para llevar a cabo estas acciones en materia de obra p\u00fablica, priorizando el uso eficiente de los recursos en beneficio de la comunidad.<\/p>\n\n\n<figure class=\"wp-block-post-featured-image\"><img loading=\"lazy\" decoding=\"async\" width=\"2560\" height=\"1706\" src=\"https:\/\/estado29.mx\/wp-content\/uploads\/2025\/01\/IMG-20250115-WA0037.jpg\" class=\"attachment-post-thumbnail size-post-thumbnail wp-post-image\" alt=\"\" style=\"object-fit:cover;\" srcset=\"https:\/\/estado29.mx\/wp-content\/uploads\/2025\/01\/IMG-20250115-WA0037.jpg 2560w, https:\/\/estado29.mx\/wp-content\/uploads\/2025\/01\/IMG-20250115-WA0037-300x200.jpg 300w, https:\/\/estado29.mx\/wp-content\/uploads\/2025\/01\/IMG-20250115-WA0037-1024x682.jpg 1024w, https:\/\/estado29.mx\/wp-content\/uploads\/2025\/01\/IMG-20250115-WA0037-768x512.jpg 768w, https:\/\/estado29.mx\/wp-content\/uploads\/2025\/01\/IMG-20250115-WA0037-1536x1024.jpg 1536w, https:\/\/estado29.mx\/wp-content\/uploads\/2025\/01\/IMG-20250115-WA0037-2048x1365.jpg 2048w, https:\/\/estado29.mx\/wp-content\/uploads\/2025\/01\/IMG-20250115-WA0037-750x500.jpg 750w, https:\/\/estado29.mx\/wp-content\/uploads\/2025\/01\/IMG-20250115-WA0037-1140x760.jpg 1140w\" sizes=\"auto, (max-width: 2560px) 100vw, 2560px\" \/><\/figure>","protected":false},"excerpt":{"rendered":"<p>Este mi\u00e9rcoles 15 de enero de 2025, autoridades del municipio de Ixtenco, dieron inicio a los trabajos de Rehabilitaci\u00f3n de Pavimento con Adocreto en la Calle 6 Oriente, sumado a ello, se realizar\u00e1 cambi\u00f3 de tuber\u00eda de agua potable y drenaje sanitario, con una inversi\u00f3n de 604 mil 911 pesos, proveniente del Fondo de Participaciones [&hellip;]<\/p>\n","protected":false},"author":7,"featured_media":92617,"comment_status":"open","ping_status":"open","sticky":false,"template":"","format":"standard","meta":{"om_disable_all_campaigns":false,"_monsterinsights_skip_tracking":false,"_monsterinsights_sitenote_active":false,"_monsterinsights_sitenote_note":"","_monsterinsights_sitenote_category":0,"jnews-multi-image_gallery":[],"jnews_single_post":{"format":"standard"},"jnews_primary_category":[],"footnotes":""},"categories":[1],"tags":[],"class_list":["post-92616","post","type-post","status-publish","format-standard","has-post-thumbnail","hentry","category-uncategorized"],"aioseo_notices":[],"_links":{"self":[{"href":"https:\/\/estado29.mx\/index.php?rest_route=\/wp\/v2\/posts\/92616","targetHints":{"allow":["GET"]}}],"collection":[{"href":"https:\/\/estado29.mx\/index.php?rest_route=\/wp\/v2\/posts"}],"about":[{"href":"https:\/\/estado29.mx\/index.php?rest_route=\/wp\/v2\/types\/post"}],"author":[{"embeddable":true,"href":"https:\/\/estado29.mx\/index.php?rest_route=\/wp\/v2\/users\/7"}],"replies":[{"embeddable":true,"href":"https:\/\/estado29.mx\/index.php?rest_route=%2Fwp%2Fv2%2Fcomments&post=92616"}],"version-history":[{"count":1,"href":"https:\/\/estado29.mx\/index.php?rest_route=\/wp\/v2\/posts\/92616\/revisions"}],"predecessor-version":[{"id":92620,"href":"https:\/\/estado29.mx\/index.php?rest_route=\/wp\/v2\/posts\/92616\/revisions\/92620"}],"wp:featuredmedia":[{"embeddable":true,"href":"https:\/\/estado29.mx\/index.php?rest_route=\/wp\/v2\/media\/92617"}],"wp:attachment":[{"href":"https:\/\/estado29.mx\/index.php?rest_route=%2Fwp%2Fv2%2Fmedia&parent=92616"}],"wp:term":[{"taxonomy":"category","embeddable":true,"href":"https:\/\/estado29.mx\/index.php?rest_route=%2Fwp%2Fv2%2Fcategories&post=92616"},{"taxonomy":"post_tag","embeddable":true,"href":"https:\/\/estado29.mx\/index.php?rest_route=%2Fwp%2Fv2%2Ftags&post=92616"}],"curies":[{"name":"wp","href":"https:\/\/api.w.org\/{rel}","templated":true}]}}