{"id":92628,"date":"2025-01-16T03:57:03","date_gmt":"2025-01-16T03:57:03","guid":{"rendered":"https:\/\/estado29.mx\/?p=92628"},"modified":"2025-01-16T03:57:03","modified_gmt":"2025-01-16T03:57:03","slug":"falta-de-precaucion-y-lluvia-ocasionan-accidente-de-unidad-pesada-en-cuapiaxtla","status":"publish","type":"post","link":"https:\/\/estado29.mx\/?p=92628","title":{"rendered":"Falta de precauci\u00f3n y lluvia ocasionan accidente de unidad pesada en Cuapiaxtla."},"content":{"rendered":"\n<p>Paco Ugarte.<\/p>\n\n\n\n<p>Esta tarde se registr\u00f3 un accidente automovil\u00edstico en donde se vio involucrado un tr\u00e1iler, que a decir de las autoridades fue originado por el exceso de velocidad y el asfalto mojado derivado de la lluvia.<\/p>\n\n\n\n<p>Los hechos se registraron sobre la carretera Amozoc &#8211; Perote a la altura del municipio de Cuapiaxtla, en la zona conocida como \u201clas f\u00e1bricas\u201d.<\/p>\n\n\n\n<p>Ah\u00ed, elementos de seguridad tomaron conocimiento de este hecho mientras que oficiales de la Guardia Nacional abanderaron la zona para evitar otro accidente.<\/p>\n","protected":false},"excerpt":{"rendered":"<p>Paco Ugarte. Esta tarde se registr\u00f3 un accidente automovil\u00edstico en donde se vio involucrado un tr\u00e1iler, que a decir de las autoridades fue originado por el exceso de velocidad y el asfalto mojado derivado de la lluvia. Los hechos se registraron sobre la carretera Amozoc &#8211; Perote a la altura del municipio de Cuapiaxtla, en [&hellip;]<\/p>\n","protected":false},"author":5,"featured_media":92629,"comment_status":"open","ping_status":"open","sticky":false,"template":"","format":"standard","meta":{"om_disable_all_campaigns":false,"_monsterinsights_skip_tracking":false,"_monsterinsights_sitenote_active":false,"_monsterinsights_sitenote_note":"","_monsterinsights_sitenote_category":0,"jnews-multi-image_gallery":[],"jnews_single_post":{"format":"standard"},"jnews_primary_category":[],"footnotes":""},"categories":[1],"tags":[],"class_list":["post-92628","post","type-post","status-publish","format-standard","has-post-thumbnail","hentry","category-uncategorized"],"aioseo_notices":[],"_links":{"self":[{"href":"https:\/\/estado29.mx\/index.php?rest_route=\/wp\/v2\/posts\/92628","targetHints":{"allow":["GET"]}}],"collection":[{"href":"https:\/\/estado29.mx\/index.php?rest_route=\/wp\/v2\/posts"}],"about":[{"href":"https:\/\/estado29.mx\/index.php?rest_route=\/wp\/v2\/types\/post"}],"author":[{"embeddable":true,"href":"https:\/\/estado29.mx\/index.php?rest_route=\/wp\/v2\/users\/5"}],"replies":[{"embeddable":true,"href":"https:\/\/estado29.mx\/index.php?rest_route=%2Fwp%2Fv2%2Fcomments&post=92628"}],"version-history":[{"count":1,"href":"https:\/\/estado29.mx\/index.php?rest_route=\/wp\/v2\/posts\/92628\/revisions"}],"predecessor-version":[{"id":92630,"href":"https:\/\/estado29.mx\/index.php?rest_route=\/wp\/v2\/posts\/92628\/revisions\/92630"}],"wp:featuredmedia":[{"embeddable":true,"href":"https:\/\/estado29.mx\/index.php?rest_route=\/wp\/v2\/media\/92629"}],"wp:attachment":[{"href":"https:\/\/estado29.mx\/index.php?rest_route=%2Fwp%2Fv2%2Fmedia&parent=92628"}],"wp:term":[{"taxonomy":"category","embeddable":true,"href":"https:\/\/estado29.mx\/index.php?rest_route=%2Fwp%2Fv2%2Fcategories&post=92628"},{"taxonomy":"post_tag","embeddable":true,"href":"https:\/\/estado29.mx\/index.php?rest_route=%2Fwp%2Fv2%2Ftags&post=92628"}],"curies":[{"name":"wp","href":"https:\/\/api.w.org\/{rel}","templated":true}]}}