{"id":92642,"date":"2025-01-16T22:37:28","date_gmt":"2025-01-16T22:37:28","guid":{"rendered":"https:\/\/estado29.mx\/?p=92642"},"modified":"2025-01-16T22:37:28","modified_gmt":"2025-01-16T22:37:28","slug":"presentan-exposicion-fotografica-la-ciudad-de-tlaxcala-en-imagenes-en-casa-tlaxcala-en-cdmx","status":"publish","type":"post","link":"https:\/\/estado29.mx\/?p=92642","title":{"rendered":"Presentan exposici\u00f3n fotogr\u00e1fica \u201cLa Ciudad de Tlaxcala en Im\u00e1genes\u201d en Casa Tlaxcala en CDMX."},"content":{"rendered":"\n<p><br>Este jueves 16 de enero del a\u00f1o en curso, se llev\u00f3 a cabo la inauguraci\u00f3n de la exposici\u00f3n fotogr\u00e1fica \u201cLa Ciudad de Tlaxcala en Im\u00e1genes\u201d, evento que tuvo lugar en Casa Tlaxcala, ubicada en la Ciudad de M\u00e9xico.<\/p>\n\n\n\n<figure class=\"wp-block-image size-large\"><img loading=\"lazy\" decoding=\"async\" width=\"768\" height=\"1024\" src=\"https:\/\/estado29.mx\/wp-content\/uploads\/2025\/01\/IMG_20250116_132438-min-768x1024.jpg\" alt=\"\" class=\"wp-image-92644\" srcset=\"https:\/\/estado29.mx\/wp-content\/uploads\/2025\/01\/IMG_20250116_132438-min-768x1024.jpg 768w, https:\/\/estado29.mx\/wp-content\/uploads\/2025\/01\/IMG_20250116_132438-min-225x300.jpg 225w, https:\/\/estado29.mx\/wp-content\/uploads\/2025\/01\/IMG_20250116_132438-min-1152x1536.jpg 1152w, https:\/\/estado29.mx\/wp-content\/uploads\/2025\/01\/IMG_20250116_132438-min-1536x2048.jpg 1536w, https:\/\/estado29.mx\/wp-content\/uploads\/2025\/01\/IMG_20250116_132438-min-750x1000.jpg 750w, https:\/\/estado29.mx\/wp-content\/uploads\/2025\/01\/IMG_20250116_132438-min-1140x1520.jpg 1140w, https:\/\/estado29.mx\/wp-content\/uploads\/2025\/01\/IMG_20250116_132438-min-scaled.jpg 1920w\" sizes=\"auto, (max-width: 768px) 100vw, 768px\" \/><\/figure>\n\n\n\n<p><br>Estas fotograf\u00edas in\u00e9ditas de la Ciudad de Tlaxcala, fueron tomadas a lo largo del siglo XX. En ellas se logra apreciar la vida cotidiana de la poblaci\u00f3n, sus problemas, los eventos c\u00edvicos de las autoridades en turno y en general, los cambios del espacio urbano con el pasar del tiempo. <\/p>\n\n\n\n<p>En resumen, son un tesoro visual que invitan al an\u00e1lisis y reflexi\u00f3n, adem\u00e1s de ser un reflejo de una parte del bagaje hist\u00f3rico y cultural que representa la Capital Tlaxcalteca.<\/p>\n\n\n\n<figure class=\"wp-block-image size-large\"><img loading=\"lazy\" decoding=\"async\" width=\"1024\" height=\"768\" src=\"https:\/\/estado29.mx\/wp-content\/uploads\/2025\/01\/IMG_20250116_132454-min-1024x768.jpg\" alt=\"\" class=\"wp-image-92645\" srcset=\"https:\/\/estado29.mx\/wp-content\/uploads\/2025\/01\/IMG_20250116_132454-min-1024x768.jpg 1024w, https:\/\/estado29.mx\/wp-content\/uploads\/2025\/01\/IMG_20250116_132454-min-300x225.jpg 300w, https:\/\/estado29.mx\/wp-content\/uploads\/2025\/01\/IMG_20250116_132454-min-768x576.jpg 768w, https:\/\/estado29.mx\/wp-content\/uploads\/2025\/01\/IMG_20250116_132454-min-1536x1152.jpg 1536w, https:\/\/estado29.mx\/wp-content\/uploads\/2025\/01\/IMG_20250116_132454-min-2048x1536.jpg 2048w, https:\/\/estado29.mx\/wp-content\/uploads\/2025\/01\/IMG_20250116_132454-min-750x563.jpg 750w, https:\/\/estado29.mx\/wp-content\/uploads\/2025\/01\/IMG_20250116_132454-min-1140x855.jpg 1140w\" sizes=\"auto, (max-width: 1024px) 100vw, 1024px\" \/><\/figure>\n\n\n\n<p><br>Es importante destacar que esta exposici\u00f3n estar\u00e1 a la vista del p\u00fablico, de forma gratuita, hasta el pr\u00f3ximo 16 de febrero de este a\u00f1o.<\/p>\n\n\n\n<p><br>Esteve del Razo Montiel, Director de \u00f1a Representaci\u00f3n de Tlaxcala en Ciudad de M\u00e9xico, Casa Tlaxcala, en su mensaje, detall\u00f3 que esta exposici\u00f3n es un reflejo vivo de la rica historia de nuestro estado.<\/p>\n\n\n\n<figure class=\"wp-block-image size-large\"><img loading=\"lazy\" decoding=\"async\" width=\"768\" height=\"1024\" src=\"https:\/\/estado29.mx\/wp-content\/uploads\/2025\/01\/IMG_20250116_133257-min-768x1024.jpg\" alt=\"\" class=\"wp-image-92646\" srcset=\"https:\/\/estado29.mx\/wp-content\/uploads\/2025\/01\/IMG_20250116_133257-min-768x1024.jpg 768w, https:\/\/estado29.mx\/wp-content\/uploads\/2025\/01\/IMG_20250116_133257-min-225x300.jpg 225w, https:\/\/estado29.mx\/wp-content\/uploads\/2025\/01\/IMG_20250116_133257-min-1152x1536.jpg 1152w, https:\/\/estado29.mx\/wp-content\/uploads\/2025\/01\/IMG_20250116_133257-min-1536x2048.jpg 1536w, https:\/\/estado29.mx\/wp-content\/uploads\/2025\/01\/IMG_20250116_133257-min-750x1000.jpg 750w, https:\/\/estado29.mx\/wp-content\/uploads\/2025\/01\/IMG_20250116_133257-min-1140x1520.jpg 1140w, https:\/\/estado29.mx\/wp-content\/uploads\/2025\/01\/IMG_20250116_133257-min-scaled.jpg 1920w\" sizes=\"auto, (max-width: 768px) 100vw, 768px\" \/><\/figure>\n\n\n\n<p><br>Asimismo, Mayra V\u00e1zquez Vel\u00e1zquez, Directora General del Archivo General e Hist\u00f3rico del Estado de Tlaxcala, destac\u00f3 algunos pasajes hist\u00f3ricos de la galer\u00eda fotogr\u00e1fica que se puede apreciar expuesta en Casa Tlaxcala.<\/p>\n\n\n\n<p><br>Por su parte, Mensaje Alfonso S\u00e1nchez Garc\u00eda Presidente Municipal de Tlaxcala, destac\u00f3 el significado que representa para Tlaxcala esta inauguraci\u00f3n fotogr\u00e1fica, es un reconocimiento para Tlaxcala, en su mensaje hizo extensa la invitaci\u00f3n para que en septiembre pr\u00f3ximo celebremos los 500 a\u00f1os de su fundaci\u00f3n.<\/p>\n\n\n\n<figure class=\"wp-block-image size-large\"><img loading=\"lazy\" decoding=\"async\" width=\"768\" height=\"1024\" src=\"https:\/\/estado29.mx\/wp-content\/uploads\/2025\/01\/IMG_20250116_132506-min-768x1024.jpg\" alt=\"\" class=\"wp-image-92647\" srcset=\"https:\/\/estado29.mx\/wp-content\/uploads\/2025\/01\/IMG_20250116_132506-min-768x1024.jpg 768w, https:\/\/estado29.mx\/wp-content\/uploads\/2025\/01\/IMG_20250116_132506-min-225x300.jpg 225w, https:\/\/estado29.mx\/wp-content\/uploads\/2025\/01\/IMG_20250116_132506-min-1152x1536.jpg 1152w, https:\/\/estado29.mx\/wp-content\/uploads\/2025\/01\/IMG_20250116_132506-min-1536x2048.jpg 1536w, https:\/\/estado29.mx\/wp-content\/uploads\/2025\/01\/IMG_20250116_132506-min-750x1000.jpg 750w, https:\/\/estado29.mx\/wp-content\/uploads\/2025\/01\/IMG_20250116_132506-min-1140x1520.jpg 1140w, https:\/\/estado29.mx\/wp-content\/uploads\/2025\/01\/IMG_20250116_132506-min-scaled.jpg 1920w\" sizes=\"auto, (max-width: 768px) 100vw, 768px\" \/><\/figure>\n\n\n\n<p><br>La Gobernadora del Estado de Tlaxcala Lorena Cuellar Cisneros, en su intervenci\u00f3n, hizo extensa la invitaci\u00f3n a ser part\u00edcipes de la celebraci\u00f3n de los 500 a\u00f1os de Tlaxcala.<br><\/p>\n\n\n<figure class=\"wp-block-post-featured-image\"><img loading=\"lazy\" decoding=\"async\" width=\"2560\" height=\"1920\" src=\"https:\/\/estado29.mx\/wp-content\/uploads\/2025\/01\/IMG_20250116_135619-min-scaled.jpg\" class=\"attachment-post-thumbnail size-post-thumbnail wp-post-image\" alt=\"\" style=\"object-fit:cover;\" srcset=\"https:\/\/estado29.mx\/wp-content\/uploads\/2025\/01\/IMG_20250116_135619-min-scaled.jpg 2560w, https:\/\/estado29.mx\/wp-content\/uploads\/2025\/01\/IMG_20250116_135619-min-300x225.jpg 300w, https:\/\/estado29.mx\/wp-content\/uploads\/2025\/01\/IMG_20250116_135619-min-1024x768.jpg 1024w, https:\/\/estado29.mx\/wp-content\/uploads\/2025\/01\/IMG_20250116_135619-min-768x576.jpg 768w, https:\/\/estado29.mx\/wp-content\/uploads\/2025\/01\/IMG_20250116_135619-min-1536x1152.jpg 1536w, https:\/\/estado29.mx\/wp-content\/uploads\/2025\/01\/IMG_20250116_135619-min-2048x1536.jpg 2048w, https:\/\/estado29.mx\/wp-content\/uploads\/2025\/01\/IMG_20250116_135619-min-750x563.jpg 750w, https:\/\/estado29.mx\/wp-content\/uploads\/2025\/01\/IMG_20250116_135619-min-1140x855.jpg 1140w\" sizes=\"auto, (max-width: 2560px) 100vw, 2560px\" \/><\/figure>","protected":false},"excerpt":{"rendered":"<p>Este jueves 16 de enero del a\u00f1o en curso, se llev\u00f3 a cabo la inauguraci\u00f3n de la exposici\u00f3n fotogr\u00e1fica \u201cLa Ciudad de Tlaxcala en Im\u00e1genes\u201d, evento que tuvo lugar en Casa Tlaxcala, ubicada en la Ciudad de M\u00e9xico. Estas fotograf\u00edas in\u00e9ditas de la Ciudad de Tlaxcala, fueron tomadas a lo largo del siglo XX. En [&hellip;]<\/p>\n","protected":false},"author":7,"featured_media":92643,"comment_status":"open","ping_status":"open","sticky":false,"template":"","format":"standard","meta":{"om_disable_all_campaigns":false,"_monsterinsights_skip_tracking":false,"_monsterinsights_sitenote_active":false,"_monsterinsights_sitenote_note":"","_monsterinsights_sitenote_category":0,"jnews-multi-image_gallery":[],"jnews_single_post":{"format":"standard"},"jnews_primary_category":[],"footnotes":""},"categories":[1],"tags":[],"class_list":["post-92642","post","type-post","status-publish","format-standard","has-post-thumbnail","hentry","category-uncategorized"],"aioseo_notices":[],"_links":{"self":[{"href":"https:\/\/estado29.mx\/index.php?rest_route=\/wp\/v2\/posts\/92642","targetHints":{"allow":["GET"]}}],"collection":[{"href":"https:\/\/estado29.mx\/index.php?rest_route=\/wp\/v2\/posts"}],"about":[{"href":"https:\/\/estado29.mx\/index.php?rest_route=\/wp\/v2\/types\/post"}],"author":[{"embeddable":true,"href":"https:\/\/estado29.mx\/index.php?rest_route=\/wp\/v2\/users\/7"}],"replies":[{"embeddable":true,"href":"https:\/\/estado29.mx\/index.php?rest_route=%2Fwp%2Fv2%2Fcomments&post=92642"}],"version-history":[{"count":1,"href":"https:\/\/estado29.mx\/index.php?rest_route=\/wp\/v2\/posts\/92642\/revisions"}],"predecessor-version":[{"id":92648,"href":"https:\/\/estado29.mx\/index.php?rest_route=\/wp\/v2\/posts\/92642\/revisions\/92648"}],"wp:featuredmedia":[{"embeddable":true,"href":"https:\/\/estado29.mx\/index.php?rest_route=\/wp\/v2\/media\/92643"}],"wp:attachment":[{"href":"https:\/\/estado29.mx\/index.php?rest_route=%2Fwp%2Fv2%2Fmedia&parent=92642"}],"wp:term":[{"taxonomy":"category","embeddable":true,"href":"https:\/\/estado29.mx\/index.php?rest_route=%2Fwp%2Fv2%2Fcategories&post=92642"},{"taxonomy":"post_tag","embeddable":true,"href":"https:\/\/estado29.mx\/index.php?rest_route=%2Fwp%2Fv2%2Ftags&post=92642"}],"curies":[{"name":"wp","href":"https:\/\/api.w.org\/{rel}","templated":true}]}}