{"id":92649,"date":"2025-01-16T22:48:23","date_gmt":"2025-01-16T22:48:23","guid":{"rendered":"https:\/\/estado29.mx\/?p=92649"},"modified":"2025-01-16T22:48:23","modified_gmt":"2025-01-16T22:48:23","slug":"presentan-gobernadora-e-integrantes-de-su-gabinete-participacion-de-tlaxcala-en-casa-mexico-dentro-del-marco-de-la-feria-internacional-de-turismo-2025-a-celebrarse-en-madrid-espana","status":"publish","type":"post","link":"https:\/\/estado29.mx\/?p=92649","title":{"rendered":"Presentan Gobernadora e integrantes de su gabinete Participaci\u00f3n de Tlaxcala en Casa M\u00e9xico, dentro del marco de la Feria Internacional de Turismo 2025, a celebrarse en Madrid, Espa\u00f1a."},"content":{"rendered":"\n<p><br>Este jueves 16 de enero del a\u00f1o en curso, la Gobernadora de Tlaxcala Lorena Cuellar Cisneros e integrantes de su gabinete, dieron a conocer mediante conferencia de prensa, lo que ser\u00e1 la participaci\u00f3n del estado, en Casa M\u00e9xico, dentro del marco de la Feria Internacional de Turismo, que se llevar\u00e1 a cabo del 20 al 26 de enero en Madrid, Espa\u00f1a.<\/p>\n\n\n\n<p><br>Fabricio Mena Rodr\u00edguez, Secretario de Turismo en Tlaxcala, detall\u00f3 la importancia que tiene para el estado, esta primera participaci\u00f3n en la Feria Internacional de Turismo.<\/p>\n\n\n\n<figure class=\"wp-block-image size-large\"><img loading=\"lazy\" decoding=\"async\" width=\"1024\" height=\"768\" src=\"https:\/\/estado29.mx\/wp-content\/uploads\/2025\/01\/IMG_20250116_150303-min-1024x768.jpg\" alt=\"\" class=\"wp-image-92652\" srcset=\"https:\/\/estado29.mx\/wp-content\/uploads\/2025\/01\/IMG_20250116_150303-min-1024x768.jpg 1024w, https:\/\/estado29.mx\/wp-content\/uploads\/2025\/01\/IMG_20250116_150303-min-300x225.jpg 300w, https:\/\/estado29.mx\/wp-content\/uploads\/2025\/01\/IMG_20250116_150303-min-768x576.jpg 768w, https:\/\/estado29.mx\/wp-content\/uploads\/2025\/01\/IMG_20250116_150303-min-1536x1152.jpg 1536w, https:\/\/estado29.mx\/wp-content\/uploads\/2025\/01\/IMG_20250116_150303-min-2048x1536.jpg 2048w, https:\/\/estado29.mx\/wp-content\/uploads\/2025\/01\/IMG_20250116_150303-min-750x563.jpg 750w, https:\/\/estado29.mx\/wp-content\/uploads\/2025\/01\/IMG_20250116_150303-min-1140x855.jpg 1140w\" sizes=\"auto, (max-width: 1024px) 100vw, 1024px\" \/><\/figure>\n\n\n\n<p><br>La secretaria de Cultura en Tlaxcala, Karen \u00c1lvarez Villeda, en su intervenci\u00f3n destac\u00f3 toda la riqueza cultural que posee el estado, la cu\u00e1l ser\u00e1 mostrada en esta participaci\u00f3n.<\/p>\n\n\n\n<p>Asimismo, Pedro Aquino Alvarado, Secretario de Medio Ambiente, resalt\u00f3 que este hermanamiento, permitir\u00e1 y facilitar\u00e1 el trabajo en la preservaci\u00f3n de los recursos naturales, mediante estrategias colaborativas entre este pa\u00eds y el estado.<\/p>\n\n\n\n<p>De igual forma, Homero Meneses Hern\u00e1ndez, Secretario de Educaci\u00f3n P\u00fablica, detall\u00f3 el impacto que se generar\u00e1 en este tema \u00f1, mediante la participaci\u00f3n del estado en esta Feria Internacional Tur\u00edstica.<\/p>\n\n\n\n<p><br>Por su parte, Javier Marroqu\u00edn Calder\u00f3n, Secretario de Desarrollo Econ\u00f3mico, destac\u00f3 el impacto de estas participaci\u00f3n para la entidad tlaxcalteca en este tema.<\/p>\n\n\n<figure class=\"wp-block-post-featured-image\"><img loading=\"lazy\" decoding=\"async\" width=\"2560\" height=\"1920\" src=\"https:\/\/estado29.mx\/wp-content\/uploads\/2025\/01\/IMG_20250116_150308-min-scaled.jpg\" class=\"attachment-post-thumbnail size-post-thumbnail wp-post-image\" alt=\"\" style=\"object-fit:cover;\" srcset=\"https:\/\/estado29.mx\/wp-content\/uploads\/2025\/01\/IMG_20250116_150308-min-scaled.jpg 2560w, https:\/\/estado29.mx\/wp-content\/uploads\/2025\/01\/IMG_20250116_150308-min-300x225.jpg 300w, https:\/\/estado29.mx\/wp-content\/uploads\/2025\/01\/IMG_20250116_150308-min-1024x768.jpg 1024w, https:\/\/estado29.mx\/wp-content\/uploads\/2025\/01\/IMG_20250116_150308-min-768x576.jpg 768w, https:\/\/estado29.mx\/wp-content\/uploads\/2025\/01\/IMG_20250116_150308-min-1536x1152.jpg 1536w, https:\/\/estado29.mx\/wp-content\/uploads\/2025\/01\/IMG_20250116_150308-min-2048x1536.jpg 2048w, https:\/\/estado29.mx\/wp-content\/uploads\/2025\/01\/IMG_20250116_150308-min-750x563.jpg 750w, https:\/\/estado29.mx\/wp-content\/uploads\/2025\/01\/IMG_20250116_150308-min-1140x855.jpg 1140w\" sizes=\"auto, (max-width: 2560px) 100vw, 2560px\" \/><\/figure>\n\n\n<p><br>Para finalizar, la Gobernadora del Estado, Lorena Cuellar Cisneros, describi\u00f3 de forma detallada c\u00f3mo ser\u00e1 la participaci\u00f3n de Tlaxcala, dentro de esta Feria Internacional de Turismo,.lo que sin duda ser\u00e1 una oportunidad importante para fomentar el crecimiento y desarrollo para la entidad tlaxcalteca.<\/p>\n\n\n\n<p><br>Entre las actividades, se tendr\u00e1n muestras gastron\u00f3micas, funciones de t\u00edteres, y dem\u00e1s eventos que permitir\u00e1n proyectar la cultura, costumbres y tradiciones de Tlaxcala.<\/p>\n\n\n\n<p><\/p>\n","protected":false},"excerpt":{"rendered":"<p>Este jueves 16 de enero del a\u00f1o en curso, la Gobernadora de Tlaxcala Lorena Cuellar Cisneros e integrantes de su gabinete, dieron a conocer mediante conferencia de prensa, lo que ser\u00e1 la participaci\u00f3n del estado, en Casa M\u00e9xico, dentro del marco de la Feria Internacional de Turismo, que se llevar\u00e1 a cabo del 20 al [&hellip;]<\/p>\n","protected":false},"author":7,"featured_media":92651,"comment_status":"open","ping_status":"open","sticky":false,"template":"","format":"standard","meta":{"om_disable_all_campaigns":false,"_monsterinsights_skip_tracking":false,"_monsterinsights_sitenote_active":false,"_monsterinsights_sitenote_note":"","_monsterinsights_sitenote_category":0,"jnews-multi-image_gallery":[],"jnews_single_post":{"format":"standard"},"jnews_primary_category":[],"footnotes":""},"categories":[1],"tags":[],"class_list":["post-92649","post","type-post","status-publish","format-standard","has-post-thumbnail","hentry","category-uncategorized"],"aioseo_notices":[],"_links":{"self":[{"href":"https:\/\/estado29.mx\/index.php?rest_route=\/wp\/v2\/posts\/92649","targetHints":{"allow":["GET"]}}],"collection":[{"href":"https:\/\/estado29.mx\/index.php?rest_route=\/wp\/v2\/posts"}],"about":[{"href":"https:\/\/estado29.mx\/index.php?rest_route=\/wp\/v2\/types\/post"}],"author":[{"embeddable":true,"href":"https:\/\/estado29.mx\/index.php?rest_route=\/wp\/v2\/users\/7"}],"replies":[{"embeddable":true,"href":"https:\/\/estado29.mx\/index.php?rest_route=%2Fwp%2Fv2%2Fcomments&post=92649"}],"version-history":[{"count":1,"href":"https:\/\/estado29.mx\/index.php?rest_route=\/wp\/v2\/posts\/92649\/revisions"}],"predecessor-version":[{"id":92653,"href":"https:\/\/estado29.mx\/index.php?rest_route=\/wp\/v2\/posts\/92649\/revisions\/92653"}],"wp:featuredmedia":[{"embeddable":true,"href":"https:\/\/estado29.mx\/index.php?rest_route=\/wp\/v2\/media\/92651"}],"wp:attachment":[{"href":"https:\/\/estado29.mx\/index.php?rest_route=%2Fwp%2Fv2%2Fmedia&parent=92649"}],"wp:term":[{"taxonomy":"category","embeddable":true,"href":"https:\/\/estado29.mx\/index.php?rest_route=%2Fwp%2Fv2%2Fcategories&post=92649"},{"taxonomy":"post_tag","embeddable":true,"href":"https:\/\/estado29.mx\/index.php?rest_route=%2Fwp%2Fv2%2Ftags&post=92649"}],"curies":[{"name":"wp","href":"https:\/\/api.w.org\/{rel}","templated":true}]}}