{"id":92684,"date":"2025-01-20T13:32:16","date_gmt":"2025-01-20T13:32:16","guid":{"rendered":"https:\/\/estado29.mx\/?p=92684"},"modified":"2025-01-20T13:32:16","modified_gmt":"2025-01-20T13:32:16","slug":"celebran-a-san-sebastian-martir-en-huamantla-con-feria-anual","status":"publish","type":"post","link":"https:\/\/estado29.mx\/?p=92684","title":{"rendered":"Celebran a San Sebasti\u00e1n M\u00e1rtir en Huamantla, con feria anual."},"content":{"rendered":"\n<p>Paco Ugarte.<\/p>\n\n\n\n<p>Durante este fin de semana, dio inicio la feria patronal en honor a San Sebasti\u00e1n M\u00e1rtir, en el barrio del mismo nombre, comunidad de Huamantla.<\/p>\n\n\n\n<p>Entre algunos eventos que se realiz\u00f3 la inauguraci\u00f3n, la procesi\u00f3n y la confecci\u00f3n de tapetes, as\u00ed como la realizaci\u00f3n de una caravana art\u00edstica y un baile popular, todos estas actividades con \u00e9xito rotundo.<\/p>\n\n\n\n<p>El Presidente de San Sebasti\u00e1n, Omar Aburto, agradeci\u00f3 el apoyo de toda la ciudadan\u00eda quienes participaron en las actividades eclesi\u00e1sticas as\u00ed como profanas, con saldo blanco hasta este momento.<\/p>\n\n\n\n<p>Se\u00f1al\u00f3 que en ese lugar, est\u00e1 prohibido la realizaci\u00f3n de bailes sonidos y las conocidas Vaquilladas, dentro de la feria anual a fin de evitar incidentes que generan este tipo de eventos.<\/p>\n","protected":false},"excerpt":{"rendered":"<p>Paco Ugarte. Durante este fin de semana, dio inicio la feria patronal en honor a San Sebasti\u00e1n M\u00e1rtir, en el barrio del mismo nombre, comunidad de Huamantla. Entre algunos eventos que se realiz\u00f3 la inauguraci\u00f3n, la procesi\u00f3n y la confecci\u00f3n de tapetes, as\u00ed como la realizaci\u00f3n de una caravana art\u00edstica y un baile popular, todos [&hellip;]<\/p>\n","protected":false},"author":5,"featured_media":92685,"comment_status":"open","ping_status":"open","sticky":false,"template":"","format":"standard","meta":{"om_disable_all_campaigns":false,"_monsterinsights_skip_tracking":false,"_monsterinsights_sitenote_active":false,"_monsterinsights_sitenote_note":"","_monsterinsights_sitenote_category":0,"jnews-multi-image_gallery":[],"jnews_single_post":{"format":"standard"},"jnews_primary_category":[],"footnotes":""},"categories":[1],"tags":[],"class_list":["post-92684","post","type-post","status-publish","format-standard","has-post-thumbnail","hentry","category-uncategorized"],"aioseo_notices":[],"_links":{"self":[{"href":"https:\/\/estado29.mx\/index.php?rest_route=\/wp\/v2\/posts\/92684","targetHints":{"allow":["GET"]}}],"collection":[{"href":"https:\/\/estado29.mx\/index.php?rest_route=\/wp\/v2\/posts"}],"about":[{"href":"https:\/\/estado29.mx\/index.php?rest_route=\/wp\/v2\/types\/post"}],"author":[{"embeddable":true,"href":"https:\/\/estado29.mx\/index.php?rest_route=\/wp\/v2\/users\/5"}],"replies":[{"embeddable":true,"href":"https:\/\/estado29.mx\/index.php?rest_route=%2Fwp%2Fv2%2Fcomments&post=92684"}],"version-history":[{"count":1,"href":"https:\/\/estado29.mx\/index.php?rest_route=\/wp\/v2\/posts\/92684\/revisions"}],"predecessor-version":[{"id":92686,"href":"https:\/\/estado29.mx\/index.php?rest_route=\/wp\/v2\/posts\/92684\/revisions\/92686"}],"wp:featuredmedia":[{"embeddable":true,"href":"https:\/\/estado29.mx\/index.php?rest_route=\/wp\/v2\/media\/92685"}],"wp:attachment":[{"href":"https:\/\/estado29.mx\/index.php?rest_route=%2Fwp%2Fv2%2Fmedia&parent=92684"}],"wp:term":[{"taxonomy":"category","embeddable":true,"href":"https:\/\/estado29.mx\/index.php?rest_route=%2Fwp%2Fv2%2Fcategories&post=92684"},{"taxonomy":"post_tag","embeddable":true,"href":"https:\/\/estado29.mx\/index.php?rest_route=%2Fwp%2Fv2%2Ftags&post=92684"}],"curies":[{"name":"wp","href":"https:\/\/api.w.org\/{rel}","templated":true}]}}