{"id":92690,"date":"2025-01-20T19:08:47","date_gmt":"2025-01-20T19:08:47","guid":{"rendered":"https:\/\/estado29.mx\/?p=92690"},"modified":"2025-01-20T19:08:47","modified_gmt":"2025-01-20T19:08:47","slug":"arranca-en-ixtenco-la-primera-jornada-de-empleo-temporal-2025","status":"publish","type":"post","link":"https:\/\/estado29.mx\/?p=92690","title":{"rendered":"Arranca en Ixtenco la Primera Jornada de Empleo Temporal 2025."},"content":{"rendered":"\n<p><br>Hoy lunes 20 de enero del a\u00f1o en curso, dio inicio en el municipio de Ixtenco, La Primera Jornada de Empleo Temporal 2025.<\/p>\n\n\n\n<p><br>La Presidenta, Miriam Aline Lazo Caballero, destac\u00f3 que mediante estas acciones, se beneficiar\u00e1 la econom\u00eda de los participantes en esta jornada empleo temporal y se busca tener un municipio limpio.<\/p>\n\n\n\n<p><br>En su mensaje, la edil invit\u00f3 a los pobladores de Ixtenco, a realizar limpieza frente a sus hogares, para garantizar la limpieza de este lugar.<\/p>\n\n\n\n<p><br>La alcaldesa agreg\u00f3, que estas jornadas se realizan a partir de las ocho de la ma\u00f1ana, con jefas y jefes de familia.<\/p>\n\n\n\n<p><br>Manifest\u00f3 que las jornadas consistir\u00e1n en limpiar calles del municipio que tienen hierba, pasto y basura.<\/p>\n\n\n\n<p><br>Para finalizar Miriam Aline Lazo Caballero, hizo extensa la invitaci\u00f3n a ciudadan\u00eda en general, a realizar limpieza en el frente de sus viviendas.<\/p>\n\n\n<figure class=\"wp-block-post-featured-image\"><img loading=\"lazy\" decoding=\"async\" width=\"632\" height=\"403\" src=\"https:\/\/estado29.mx\/wp-content\/uploads\/2025\/01\/Screenshot_2025-01-20-11-12-31-1482.jpg\" class=\"attachment-post-thumbnail size-post-thumbnail wp-post-image\" alt=\"\" style=\"object-fit:cover;\" srcset=\"https:\/\/estado29.mx\/wp-content\/uploads\/2025\/01\/Screenshot_2025-01-20-11-12-31-1482.jpg 632w, https:\/\/estado29.mx\/wp-content\/uploads\/2025\/01\/Screenshot_2025-01-20-11-12-31-1482-300x191.jpg 300w\" sizes=\"auto, (max-width: 632px) 100vw, 632px\" \/><\/figure>","protected":false},"excerpt":{"rendered":"<p>Hoy lunes 20 de enero del a\u00f1o en curso, dio inicio en el municipio de Ixtenco, La Primera Jornada de Empleo Temporal 2025. La Presidenta, Miriam Aline Lazo Caballero, destac\u00f3 que mediante estas acciones, se beneficiar\u00e1 la econom\u00eda de los participantes en esta jornada empleo temporal y se busca tener un municipio limpio. En su [&hellip;]<\/p>\n","protected":false},"author":7,"featured_media":92691,"comment_status":"open","ping_status":"open","sticky":false,"template":"","format":"standard","meta":{"om_disable_all_campaigns":false,"_monsterinsights_skip_tracking":false,"_monsterinsights_sitenote_active":false,"_monsterinsights_sitenote_note":"","_monsterinsights_sitenote_category":0,"jnews-multi-image_gallery":[],"jnews_single_post":{"format":"standard"},"jnews_primary_category":[],"footnotes":""},"categories":[1],"tags":[],"class_list":["post-92690","post","type-post","status-publish","format-standard","has-post-thumbnail","hentry","category-uncategorized"],"aioseo_notices":[],"_links":{"self":[{"href":"https:\/\/estado29.mx\/index.php?rest_route=\/wp\/v2\/posts\/92690","targetHints":{"allow":["GET"]}}],"collection":[{"href":"https:\/\/estado29.mx\/index.php?rest_route=\/wp\/v2\/posts"}],"about":[{"href":"https:\/\/estado29.mx\/index.php?rest_route=\/wp\/v2\/types\/post"}],"author":[{"embeddable":true,"href":"https:\/\/estado29.mx\/index.php?rest_route=\/wp\/v2\/users\/7"}],"replies":[{"embeddable":true,"href":"https:\/\/estado29.mx\/index.php?rest_route=%2Fwp%2Fv2%2Fcomments&post=92690"}],"version-history":[{"count":1,"href":"https:\/\/estado29.mx\/index.php?rest_route=\/wp\/v2\/posts\/92690\/revisions"}],"predecessor-version":[{"id":92692,"href":"https:\/\/estado29.mx\/index.php?rest_route=\/wp\/v2\/posts\/92690\/revisions\/92692"}],"wp:featuredmedia":[{"embeddable":true,"href":"https:\/\/estado29.mx\/index.php?rest_route=\/wp\/v2\/media\/92691"}],"wp:attachment":[{"href":"https:\/\/estado29.mx\/index.php?rest_route=%2Fwp%2Fv2%2Fmedia&parent=92690"}],"wp:term":[{"taxonomy":"category","embeddable":true,"href":"https:\/\/estado29.mx\/index.php?rest_route=%2Fwp%2Fv2%2Fcategories&post=92690"},{"taxonomy":"post_tag","embeddable":true,"href":"https:\/\/estado29.mx\/index.php?rest_route=%2Fwp%2Fv2%2Ftags&post=92690"}],"curies":[{"name":"wp","href":"https:\/\/api.w.org\/{rel}","templated":true}]}}