{"id":92693,"date":"2025-01-20T19:14:42","date_gmt":"2025-01-20T19:14:42","guid":{"rendered":"https:\/\/estado29.mx\/?p=92693"},"modified":"2025-01-20T19:14:43","modified_gmt":"2025-01-20T19:14:43","slug":"inauguran-en-cuapiaxtla-arco-de-bienvenida","status":"publish","type":"post","link":"https:\/\/estado29.mx\/?p=92693","title":{"rendered":"Inauguran en Cuapiaxtla Arco de Bienvenida."},"content":{"rendered":"\n<p><br>Este domingo 19 de enero del a\u00f1o en curso, se llev\u00f3 a cabo en el municipio de Cuapiaxtla, la inauguraci\u00f3n del Arco de Bienvenida, en el acceso principal a este lugar.<\/p>\n\n\n\n<figure class=\"wp-block-image size-full\"><img loading=\"lazy\" decoding=\"async\" width=\"626\" height=\"465\" src=\"https:\/\/estado29.mx\/wp-content\/uploads\/2025\/01\/FB_IMG_17373932435323.jpg\" alt=\"\" class=\"wp-image-92695\" srcset=\"https:\/\/estado29.mx\/wp-content\/uploads\/2025\/01\/FB_IMG_17373932435323.jpg 626w, https:\/\/estado29.mx\/wp-content\/uploads\/2025\/01\/FB_IMG_17373932435323-300x223.jpg 300w\" sizes=\"auto, (max-width: 626px) 100vw, 626px\" \/><\/figure>\n\n\n\n<p><br>Este proyecto fue una colaboraci\u00f3n entre Fernando L\u00f3pez, un ciudadano este municipio y el gobierno municipal, con el objetivo de promover la identidad cultural y visibilizar el acceso principal del municipio.<\/p>\n\n\n\n<p>La presidenta Alma Lorena Escobar Gonz\u00e1lez, llev\u00f3 a cabo la inauguraci\u00f3n de esta importante obra que beneficiar\u00e1 a miles de habitantes, as\u00ed como a turistas que deseen visitar Cuapiaxtla.<\/p>\n\n\n<figure class=\"wp-block-post-featured-image\"><img loading=\"lazy\" decoding=\"async\" width=\"720\" height=\"426\" src=\"https:\/\/estado29.mx\/wp-content\/uploads\/2025\/01\/FB_IMG_17373932645102.jpg\" class=\"attachment-post-thumbnail size-post-thumbnail wp-post-image\" alt=\"\" style=\"object-fit:cover;\" srcset=\"https:\/\/estado29.mx\/wp-content\/uploads\/2025\/01\/FB_IMG_17373932645102.jpg 720w, https:\/\/estado29.mx\/wp-content\/uploads\/2025\/01\/FB_IMG_17373932645102-300x178.jpg 300w\" sizes=\"auto, (max-width: 720px) 100vw, 720px\" \/><\/figure>\n\n\n<p><br>La alcaldesa manifest\u00f3 que esta obra es muy significativa para su gobierno y para los pobladores, por lo que asegur\u00f3 que continuar\u00e1 trabajando por el bienestar del municipio.<\/p>\n","protected":false},"excerpt":{"rendered":"<p>Este domingo 19 de enero del a\u00f1o en curso, se llev\u00f3 a cabo en el municipio de Cuapiaxtla, la inauguraci\u00f3n del Arco de Bienvenida, en el acceso principal a este lugar. Este proyecto fue una colaboraci\u00f3n entre Fernando L\u00f3pez, un ciudadano este municipio y el gobierno municipal, con el objetivo de promover la identidad cultural [&hellip;]<\/p>\n","protected":false},"author":7,"featured_media":92694,"comment_status":"open","ping_status":"open","sticky":false,"template":"","format":"standard","meta":{"om_disable_all_campaigns":false,"_monsterinsights_skip_tracking":false,"_monsterinsights_sitenote_active":false,"_monsterinsights_sitenote_note":"","_monsterinsights_sitenote_category":0,"jnews-multi-image_gallery":[],"jnews_single_post":{"format":"standard"},"jnews_primary_category":[],"footnotes":""},"categories":[1],"tags":[],"class_list":["post-92693","post","type-post","status-publish","format-standard","has-post-thumbnail","hentry","category-uncategorized"],"aioseo_notices":[],"_links":{"self":[{"href":"https:\/\/estado29.mx\/index.php?rest_route=\/wp\/v2\/posts\/92693","targetHints":{"allow":["GET"]}}],"collection":[{"href":"https:\/\/estado29.mx\/index.php?rest_route=\/wp\/v2\/posts"}],"about":[{"href":"https:\/\/estado29.mx\/index.php?rest_route=\/wp\/v2\/types\/post"}],"author":[{"embeddable":true,"href":"https:\/\/estado29.mx\/index.php?rest_route=\/wp\/v2\/users\/7"}],"replies":[{"embeddable":true,"href":"https:\/\/estado29.mx\/index.php?rest_route=%2Fwp%2Fv2%2Fcomments&post=92693"}],"version-history":[{"count":1,"href":"https:\/\/estado29.mx\/index.php?rest_route=\/wp\/v2\/posts\/92693\/revisions"}],"predecessor-version":[{"id":92696,"href":"https:\/\/estado29.mx\/index.php?rest_route=\/wp\/v2\/posts\/92693\/revisions\/92696"}],"wp:featuredmedia":[{"embeddable":true,"href":"https:\/\/estado29.mx\/index.php?rest_route=\/wp\/v2\/media\/92694"}],"wp:attachment":[{"href":"https:\/\/estado29.mx\/index.php?rest_route=%2Fwp%2Fv2%2Fmedia&parent=92693"}],"wp:term":[{"taxonomy":"category","embeddable":true,"href":"https:\/\/estado29.mx\/index.php?rest_route=%2Fwp%2Fv2%2Fcategories&post=92693"},{"taxonomy":"post_tag","embeddable":true,"href":"https:\/\/estado29.mx\/index.php?rest_route=%2Fwp%2Fv2%2Ftags&post=92693"}],"curies":[{"name":"wp","href":"https:\/\/api.w.org\/{rel}","templated":true}]}}