{"id":92700,"date":"2025-01-21T02:52:47","date_gmt":"2025-01-21T02:52:47","guid":{"rendered":"https:\/\/estado29.mx\/?p=92700"},"modified":"2025-01-21T02:52:47","modified_gmt":"2025-01-21T02:52:47","slug":"firma-convenio-ayuntamiento-de-ixtenco-con-secretaria-de-agricultura-y-desarrollo-rural-de-tlaxcala","status":"publish","type":"post","link":"https:\/\/estado29.mx\/?p=92700","title":{"rendered":"Firma Convenio Ayuntamiento de Ixtenco con Secretar\u00eda de Agricultura y Desarrollo Rural de Tlaxcala."},"content":{"rendered":"\n<p><br>Este lunes 20 de enero del a\u00f1o en curso, el Ayuntamiento de Ixtenco, que preside Miriam Aline Lazo Caballero, llev\u00f3 a cabo la firma de convenio de colaboraci\u00f3n con la Secretaria de Agricultura y Desarrollo Rural de Tlaxcala.<\/p>\n\n\n\n<p>La firma de este acuerdo, tiene como objetivo llevar a cabo acciones que promuevan las actividades agropecuarias, implementen programas tanto estatales como federales enfocados en el desarrollo rural y fortalezcan la colaboraci\u00f3n con dependencias de los distintos niveles de gobierno para gestionar apoyos t\u00e9cnicos y financieros.<\/p>\n\n\n\n<figure class=\"wp-block-image size-large\"><img loading=\"lazy\" decoding=\"async\" width=\"1024\" height=\"682\" src=\"https:\/\/estado29.mx\/wp-content\/uploads\/2025\/01\/IMG-20250120-WA0020-1024x682.jpg\" alt=\"\" class=\"wp-image-92702\" srcset=\"https:\/\/estado29.mx\/wp-content\/uploads\/2025\/01\/IMG-20250120-WA0020-1024x682.jpg 1024w, https:\/\/estado29.mx\/wp-content\/uploads\/2025\/01\/IMG-20250120-WA0020-300x200.jpg 300w, https:\/\/estado29.mx\/wp-content\/uploads\/2025\/01\/IMG-20250120-WA0020-768x512.jpg 768w, https:\/\/estado29.mx\/wp-content\/uploads\/2025\/01\/IMG-20250120-WA0020-1536x1024.jpg 1536w, https:\/\/estado29.mx\/wp-content\/uploads\/2025\/01\/IMG-20250120-WA0020-2048x1365.jpg 2048w, https:\/\/estado29.mx\/wp-content\/uploads\/2025\/01\/IMG-20250120-WA0020-750x500.jpg 750w, https:\/\/estado29.mx\/wp-content\/uploads\/2025\/01\/IMG-20250120-WA0020-1140x760.jpg 1140w\" sizes=\"auto, (max-width: 1024px) 100vw, 1024px\" \/><\/figure>\n\n\n\n<p><br>la Presidenta Municipal de Ixtenco, Aline Lazo Caballero, destac\u00f3 que las acciones derivadas de este convenio contribuir\u00e1n significativamente a mejorar las condiciones del sector agropecuario en la comunidad y estimular\u00e1n nuevas actividades productivas.<\/p>\n\n\n\n<p>Por su parte, Javier Ju\u00e1rez S\u00e1nchez, Jefe del Distrito de Desarrollo de Huamantla, quien asisti\u00f3 en representaci\u00f3n de Jorge Caballero Rom\u00e1n, titular de la (SADER), resalt\u00f3 la importancia de trabajar de manera conjunta para generar condiciones favorables para los productores y fomentar un desarrollo integral en la regi\u00f3n.<\/p>\n\n\n<figure class=\"wp-block-post-featured-image\"><img loading=\"lazy\" decoding=\"async\" width=\"2560\" height=\"1706\" src=\"https:\/\/estado29.mx\/wp-content\/uploads\/2025\/01\/IMG-20250120-WA0022.jpg\" class=\"attachment-post-thumbnail size-post-thumbnail wp-post-image\" alt=\"\" style=\"object-fit:cover;\" srcset=\"https:\/\/estado29.mx\/wp-content\/uploads\/2025\/01\/IMG-20250120-WA0022.jpg 2560w, https:\/\/estado29.mx\/wp-content\/uploads\/2025\/01\/IMG-20250120-WA0022-300x200.jpg 300w, https:\/\/estado29.mx\/wp-content\/uploads\/2025\/01\/IMG-20250120-WA0022-1024x682.jpg 1024w, https:\/\/estado29.mx\/wp-content\/uploads\/2025\/01\/IMG-20250120-WA0022-768x512.jpg 768w, https:\/\/estado29.mx\/wp-content\/uploads\/2025\/01\/IMG-20250120-WA0022-1536x1024.jpg 1536w, https:\/\/estado29.mx\/wp-content\/uploads\/2025\/01\/IMG-20250120-WA0022-2048x1365.jpg 2048w, https:\/\/estado29.mx\/wp-content\/uploads\/2025\/01\/IMG-20250120-WA0022-750x500.jpg 750w, https:\/\/estado29.mx\/wp-content\/uploads\/2025\/01\/IMG-20250120-WA0022-1140x760.jpg 1140w\" sizes=\"auto, (max-width: 2560px) 100vw, 2560px\" \/><\/figure>\n\n\n<p>Dentro de los aspectos que considera esta firma de convenio, est\u00e1 la capacitaci\u00f3n y difusi\u00f3n de conocimientos para los productores del municipio, a trav\u00e9s de programas formativos con personal altamente calificado y espacios adecuados para llevar a cabo estas actividades.<\/p>\n","protected":false},"excerpt":{"rendered":"<p>Este lunes 20 de enero del a\u00f1o en curso, el Ayuntamiento de Ixtenco, que preside Miriam Aline Lazo Caballero, llev\u00f3 a cabo la firma de convenio de colaboraci\u00f3n con la Secretaria de Agricultura y Desarrollo Rural de Tlaxcala. La firma de este acuerdo, tiene como objetivo llevar a cabo acciones que promuevan las actividades agropecuarias, [&hellip;]<\/p>\n","protected":false},"author":7,"featured_media":92701,"comment_status":"open","ping_status":"open","sticky":false,"template":"","format":"standard","meta":{"om_disable_all_campaigns":false,"_monsterinsights_skip_tracking":false,"_monsterinsights_sitenote_active":false,"_monsterinsights_sitenote_note":"","_monsterinsights_sitenote_category":0,"jnews-multi-image_gallery":[],"jnews_single_post":{"format":"standard"},"jnews_primary_category":[],"footnotes":""},"categories":[1],"tags":[],"class_list":["post-92700","post","type-post","status-publish","format-standard","has-post-thumbnail","hentry","category-uncategorized"],"aioseo_notices":[],"_links":{"self":[{"href":"https:\/\/estado29.mx\/index.php?rest_route=\/wp\/v2\/posts\/92700","targetHints":{"allow":["GET"]}}],"collection":[{"href":"https:\/\/estado29.mx\/index.php?rest_route=\/wp\/v2\/posts"}],"about":[{"href":"https:\/\/estado29.mx\/index.php?rest_route=\/wp\/v2\/types\/post"}],"author":[{"embeddable":true,"href":"https:\/\/estado29.mx\/index.php?rest_route=\/wp\/v2\/users\/7"}],"replies":[{"embeddable":true,"href":"https:\/\/estado29.mx\/index.php?rest_route=%2Fwp%2Fv2%2Fcomments&post=92700"}],"version-history":[{"count":1,"href":"https:\/\/estado29.mx\/index.php?rest_route=\/wp\/v2\/posts\/92700\/revisions"}],"predecessor-version":[{"id":92703,"href":"https:\/\/estado29.mx\/index.php?rest_route=\/wp\/v2\/posts\/92700\/revisions\/92703"}],"wp:featuredmedia":[{"embeddable":true,"href":"https:\/\/estado29.mx\/index.php?rest_route=\/wp\/v2\/media\/92701"}],"wp:attachment":[{"href":"https:\/\/estado29.mx\/index.php?rest_route=%2Fwp%2Fv2%2Fmedia&parent=92700"}],"wp:term":[{"taxonomy":"category","embeddable":true,"href":"https:\/\/estado29.mx\/index.php?rest_route=%2Fwp%2Fv2%2Fcategories&post=92700"},{"taxonomy":"post_tag","embeddable":true,"href":"https:\/\/estado29.mx\/index.php?rest_route=%2Fwp%2Fv2%2Ftags&post=92700"}],"curies":[{"name":"wp","href":"https:\/\/api.w.org\/{rel}","templated":true}]}}