{"id":92709,"date":"2025-01-21T18:59:44","date_gmt":"2025-01-21T18:59:44","guid":{"rendered":"https:\/\/estado29.mx\/?p=92709"},"modified":"2025-01-21T18:59:45","modified_gmt":"2025-01-21T18:59:45","slug":"misa-de-ultimo-adios-para-la-madre-petra-reglin-morales","status":"publish","type":"post","link":"https:\/\/estado29.mx\/?p=92709","title":{"rendered":"Misa de \u00daltimo Adi\u00f3s para la Madre Petra Reglin Morales"},"content":{"rendered":"<figure class=\"wp-block-post-featured-image\"><img loading=\"lazy\" decoding=\"async\" width=\"1536\" height=\"1536\" src=\"https:\/\/estado29.mx\/wp-content\/uploads\/2025\/01\/WhatsApp-Image-2025-01-21-at-12.55.14-PM.jpeg\" class=\"attachment-post-thumbnail size-post-thumbnail wp-post-image\" alt=\"\" style=\"object-fit:cover;\" srcset=\"https:\/\/estado29.mx\/wp-content\/uploads\/2025\/01\/WhatsApp-Image-2025-01-21-at-12.55.14-PM.jpeg 1536w, https:\/\/estado29.mx\/wp-content\/uploads\/2025\/01\/WhatsApp-Image-2025-01-21-at-12.55.14-PM-300x300.jpeg 300w, https:\/\/estado29.mx\/wp-content\/uploads\/2025\/01\/WhatsApp-Image-2025-01-21-at-12.55.14-PM-1024x1024.jpeg 1024w, https:\/\/estado29.mx\/wp-content\/uploads\/2025\/01\/WhatsApp-Image-2025-01-21-at-12.55.14-PM-150x150.jpeg 150w, https:\/\/estado29.mx\/wp-content\/uploads\/2025\/01\/WhatsApp-Image-2025-01-21-at-12.55.14-PM-768x768.jpeg 768w, https:\/\/estado29.mx\/wp-content\/uploads\/2025\/01\/WhatsApp-Image-2025-01-21-at-12.55.14-PM-75x75.jpeg 75w, https:\/\/estado29.mx\/wp-content\/uploads\/2025\/01\/WhatsApp-Image-2025-01-21-at-12.55.14-PM-350x350.jpeg 350w, https:\/\/estado29.mx\/wp-content\/uploads\/2025\/01\/WhatsApp-Image-2025-01-21-at-12.55.14-PM-750x750.jpeg 750w, https:\/\/estado29.mx\/wp-content\/uploads\/2025\/01\/WhatsApp-Image-2025-01-21-at-12.55.14-PM-1140x1140.jpeg 1140w\" sizes=\"auto, (max-width: 1536px) 100vw, 1536px\" \/><\/figure>\n\n\n<p>Este martes se celebr\u00f3 una misa para dar el \u00faltimo adi\u00f3s a la madre Petra Reglin Morales, quien falleci\u00f3 el pasado domingo a los 84 a\u00f1os de edad, el dia de su cumplea\u00f1os.<\/p>\n\n\n\n<p>La misa fue oficiada por el sacerdote Emmanuel Montiel a las 11 horas en la Basilica de Nuestra Se\u00f1ora de la Caridad, quien acompa\u00f1\u00f3 a Misioneras del Sagrado Coraz\u00f3n de Jes\u00fas Ad Gentes, alumnos, padres de familia y a la ciudadan\u00eda en general en este momento de dolor y despedida.<\/p>\n\n\n\n<p> Durante la ceremonia el sacerdote record\u00f3 a la madre Petra, durante su administraci\u00f3n como Directora del Colegio Juana de Arco, record\u00f3 su compromiso y su amor por la educaci\u00f3n.<\/p>\n\n\n\n<p>\u201cDurante mucho tiempo la Hermana Petra, fue eso, fue la hermana, fue la madre, una maestra, una gu\u00eda que nos acompa\u00f1\u00f3 durante todo este periodo\u201d, puntualiz\u00f3 el sacerdote.<\/p>\n\n\n\n<p>Por su parte, el Instituto de Misioneras del Sagrado Coraz\u00f3n Ad Gentes dieron una semblanza de la vida de la madre Petra, la Secretaria General del Instituto, agradeci\u00f3 el apoyo recibido Teresa V\u00e1zquez S\u00e1nchez, \u201cQuiero que brindemos un aplauso porque la madre Petra ha llegado al cielo\u201d.Al finalizar la ceremonia se llev\u00f3 a cabo la bendici\u00f3n del cuerpo.La madre Petra Regl\u00f3n Morales ser\u00e1 recordada por su legado y su impacto en la comunidad. Que en paz descanse.<\/p>\n","protected":false},"excerpt":{"rendered":"<p>Este martes se celebr\u00f3 una misa para dar el \u00faltimo adi\u00f3s a la madre Petra Reglin Morales, quien falleci\u00f3 el pasado domingo a los 84 a\u00f1os de edad, el dia de su cumplea\u00f1os. La misa fue oficiada por el sacerdote Emmanuel Montiel a las 11 horas en la Basilica de Nuestra Se\u00f1ora de la Caridad, [&hellip;]<\/p>\n","protected":false},"author":4,"featured_media":92710,"comment_status":"open","ping_status":"open","sticky":false,"template":"","format":"standard","meta":{"om_disable_all_campaigns":false,"_monsterinsights_skip_tracking":false,"_monsterinsights_sitenote_active":false,"_monsterinsights_sitenote_note":"","_monsterinsights_sitenote_category":0,"jnews-multi-image_gallery":[],"jnews_single_post":{"format":"standard"},"jnews_primary_category":[],"footnotes":""},"categories":[1],"tags":[],"class_list":["post-92709","post","type-post","status-publish","format-standard","has-post-thumbnail","hentry","category-uncategorized"],"aioseo_notices":[],"_links":{"self":[{"href":"https:\/\/estado29.mx\/index.php?rest_route=\/wp\/v2\/posts\/92709","targetHints":{"allow":["GET"]}}],"collection":[{"href":"https:\/\/estado29.mx\/index.php?rest_route=\/wp\/v2\/posts"}],"about":[{"href":"https:\/\/estado29.mx\/index.php?rest_route=\/wp\/v2\/types\/post"}],"author":[{"embeddable":true,"href":"https:\/\/estado29.mx\/index.php?rest_route=\/wp\/v2\/users\/4"}],"replies":[{"embeddable":true,"href":"https:\/\/estado29.mx\/index.php?rest_route=%2Fwp%2Fv2%2Fcomments&post=92709"}],"version-history":[{"count":1,"href":"https:\/\/estado29.mx\/index.php?rest_route=\/wp\/v2\/posts\/92709\/revisions"}],"predecessor-version":[{"id":92711,"href":"https:\/\/estado29.mx\/index.php?rest_route=\/wp\/v2\/posts\/92709\/revisions\/92711"}],"wp:featuredmedia":[{"embeddable":true,"href":"https:\/\/estado29.mx\/index.php?rest_route=\/wp\/v2\/media\/92710"}],"wp:attachment":[{"href":"https:\/\/estado29.mx\/index.php?rest_route=%2Fwp%2Fv2%2Fmedia&parent=92709"}],"wp:term":[{"taxonomy":"category","embeddable":true,"href":"https:\/\/estado29.mx\/index.php?rest_route=%2Fwp%2Fv2%2Fcategories&post=92709"},{"taxonomy":"post_tag","embeddable":true,"href":"https:\/\/estado29.mx\/index.php?rest_route=%2Fwp%2Fv2%2Ftags&post=92709"}],"curies":[{"name":"wp","href":"https:\/\/api.w.org\/{rel}","templated":true}]}}