{"id":92718,"date":"2025-01-21T19:42:12","date_gmt":"2025-01-21T19:42:12","guid":{"rendered":"https:\/\/estado29.mx\/?p=92718"},"modified":"2025-01-21T19:42:13","modified_gmt":"2025-01-21T19:42:13","slug":"presentan-en-tequexquitla-la-celebracion-de-la-tercera-gran-carrera-de-la-amistad-2025","status":"publish","type":"post","link":"https:\/\/estado29.mx\/?p=92718","title":{"rendered":"Presentan en Tequexquitla La Celebraci\u00f3n de la Tercera Gran Carrera de la Amistad 2025."},"content":{"rendered":"\n<p><br>Este martes 21 de enero del a\u00f1o en curso, se llev\u00f3 a cabo en el municipio de El Carmen Tequexquitla, la Presentaci\u00f3n de la celebraci\u00f3n de la Tercera Gran Carrera de la Amistad 2025, que se llevara a cabo el pr\u00f3ximo 16 de febrero.<\/p>\n\n\n\n<p><br>La Presidenta Municipal, Mar\u00eda Araceli Mart\u00ednez Cortes en su intervenci\u00f3n, comparti\u00f3 detalladamente el objetivo que tiene esta actividad, as\u00ed como las bases para participar.<\/p>\n\n\n\n<p><br>Asimismo, la edil puntualiz\u00f3 que esta carrera sin duda alguna fomentar\u00e1 el deporte en pobladores de todas la edades, pues existir\u00e1n diversas categor\u00edas para participar.<\/p>\n\n\n\n<p><br>La alcaldesa destac\u00f3 que su gobierno, seguir\u00e1 trabajando para dar impulso al deporte y actividades de este tipo, a fin de brindar mejores oportunidades y herramientas a los pobladores de este lugar.<\/p>\n\n\n<figure class=\"wp-block-post-featured-image\"><img loading=\"lazy\" decoding=\"async\" width=\"632\" height=\"332\" src=\"https:\/\/estado29.mx\/wp-content\/uploads\/2025\/01\/Screenshot_2025-01-21-13-34-43-8982.jpg\" class=\"attachment-post-thumbnail size-post-thumbnail wp-post-image\" alt=\"\" style=\"object-fit:cover;\" srcset=\"https:\/\/estado29.mx\/wp-content\/uploads\/2025\/01\/Screenshot_2025-01-21-13-34-43-8982.jpg 632w, https:\/\/estado29.mx\/wp-content\/uploads\/2025\/01\/Screenshot_2025-01-21-13-34-43-8982-300x158.jpg 300w\" sizes=\"auto, (max-width: 632px) 100vw, 632px\" \/><\/figure>","protected":false},"excerpt":{"rendered":"<p>Este martes 21 de enero del a\u00f1o en curso, se llev\u00f3 a cabo en el municipio de El Carmen Tequexquitla, la Presentaci\u00f3n de la celebraci\u00f3n de la Tercera Gran Carrera de la Amistad 2025, que se llevara a cabo el pr\u00f3ximo 16 de febrero. La Presidenta Municipal, Mar\u00eda Araceli Mart\u00ednez Cortes en su intervenci\u00f3n, comparti\u00f3 [&hellip;]<\/p>\n","protected":false},"author":7,"featured_media":92719,"comment_status":"open","ping_status":"open","sticky":false,"template":"","format":"standard","meta":{"om_disable_all_campaigns":false,"_monsterinsights_skip_tracking":false,"_monsterinsights_sitenote_active":false,"_monsterinsights_sitenote_note":"","_monsterinsights_sitenote_category":0,"jnews-multi-image_gallery":[],"jnews_single_post":{"format":"standard"},"jnews_primary_category":[],"footnotes":""},"categories":[1],"tags":[],"class_list":["post-92718","post","type-post","status-publish","format-standard","has-post-thumbnail","hentry","category-uncategorized"],"aioseo_notices":[],"_links":{"self":[{"href":"https:\/\/estado29.mx\/index.php?rest_route=\/wp\/v2\/posts\/92718","targetHints":{"allow":["GET"]}}],"collection":[{"href":"https:\/\/estado29.mx\/index.php?rest_route=\/wp\/v2\/posts"}],"about":[{"href":"https:\/\/estado29.mx\/index.php?rest_route=\/wp\/v2\/types\/post"}],"author":[{"embeddable":true,"href":"https:\/\/estado29.mx\/index.php?rest_route=\/wp\/v2\/users\/7"}],"replies":[{"embeddable":true,"href":"https:\/\/estado29.mx\/index.php?rest_route=%2Fwp%2Fv2%2Fcomments&post=92718"}],"version-history":[{"count":1,"href":"https:\/\/estado29.mx\/index.php?rest_route=\/wp\/v2\/posts\/92718\/revisions"}],"predecessor-version":[{"id":92720,"href":"https:\/\/estado29.mx\/index.php?rest_route=\/wp\/v2\/posts\/92718\/revisions\/92720"}],"wp:featuredmedia":[{"embeddable":true,"href":"https:\/\/estado29.mx\/index.php?rest_route=\/wp\/v2\/media\/92719"}],"wp:attachment":[{"href":"https:\/\/estado29.mx\/index.php?rest_route=%2Fwp%2Fv2%2Fmedia&parent=92718"}],"wp:term":[{"taxonomy":"category","embeddable":true,"href":"https:\/\/estado29.mx\/index.php?rest_route=%2Fwp%2Fv2%2Fcategories&post=92718"},{"taxonomy":"post_tag","embeddable":true,"href":"https:\/\/estado29.mx\/index.php?rest_route=%2Fwp%2Fv2%2Ftags&post=92718"}],"curies":[{"name":"wp","href":"https:\/\/api.w.org\/{rel}","templated":true}]}}