{"id":92753,"date":"2025-01-23T19:33:20","date_gmt":"2025-01-23T19:33:20","guid":{"rendered":"https:\/\/estado29.mx\/?p=92753"},"modified":"2025-01-23T19:33:20","modified_gmt":"2025-01-23T19:33:20","slug":"realiza-instituto-nacional-de-estadistica-y-geografia-en-tlaxcala-presentacion-de-censos-economicos-2024","status":"publish","type":"post","link":"https:\/\/estado29.mx\/?p=92753","title":{"rendered":"Realiza Instituto Nacional de Estad\u00edstica y Geograf\u00eda en Tlaxcala Presentaci\u00f3n de Censos Econ\u00f3micos 2024."},"content":{"rendered":"\n<p><br>Hoy jueves 23 de enero del a\u00f1o en curso, el Instituto Nacional de Estad\u00edstica y Geograf\u00eda en Tlaxcala, el (INEGI) realiz\u00f3 una presentaci\u00f3n de los censos econ\u00f3micos 2024, resultados oportunos a nivel estatal.<\/p>\n\n\n\n<p><br>El evento tuvo lugar en el Auditorio de la Coordinaci\u00f3n Estatal, ubicada en Tlacomulco, Ocotl\u00e1n, de la entidad tlaxcalteca y fue presentado mediante una conferencia de prensa.<\/p>\n\n\n\n<figure class=\"wp-block-image size-large\"><img loading=\"lazy\" decoding=\"async\" width=\"1024\" height=\"768\" src=\"https:\/\/estado29.mx\/wp-content\/uploads\/2025\/01\/IMG_20250123_120914-min-1024x768.jpg\" alt=\"\" class=\"wp-image-92755\" srcset=\"https:\/\/estado29.mx\/wp-content\/uploads\/2025\/01\/IMG_20250123_120914-min-1024x768.jpg 1024w, https:\/\/estado29.mx\/wp-content\/uploads\/2025\/01\/IMG_20250123_120914-min-300x225.jpg 300w, https:\/\/estado29.mx\/wp-content\/uploads\/2025\/01\/IMG_20250123_120914-min-768x576.jpg 768w, https:\/\/estado29.mx\/wp-content\/uploads\/2025\/01\/IMG_20250123_120914-min-1536x1152.jpg 1536w, https:\/\/estado29.mx\/wp-content\/uploads\/2025\/01\/IMG_20250123_120914-min-2048x1536.jpg 2048w, https:\/\/estado29.mx\/wp-content\/uploads\/2025\/01\/IMG_20250123_120914-min-750x563.jpg 750w, https:\/\/estado29.mx\/wp-content\/uploads\/2025\/01\/IMG_20250123_120914-min-1140x855.jpg 1140w\" sizes=\"auto, (max-width: 1024px) 100vw, 1024px\" \/><\/figure>\n\n\n\n<p><br>Dentro de los datos relevantes que se proporcionaron, destaca que de 2018 a 2023 hubo un crecimiento econ\u00f3mico del 4.3 por ciento, a pesar de la temporada de pandemia Covid-19, as\u00ed como el aumento en la tasa ocupacional, que va del rango de edades entre 20 y 60 a\u00f1os, principalmente el incremento se di\u00f3 en la participaci\u00f3n de mujeres, en m\u00e1s del 50 por ciento.<\/p>\n\n\n\n<p><br>Es importante destacar que el pr\u00f3ximo censo se realizar\u00e1 en 2029, simismo, los resultado finales de este censo ser\u00e1n dados a conocer el 24 de julio del presente a\u00f1o, de manera detallada.<\/p>\n\n\n\n<p><br>El informe estuvo cargo del Coordinador Estatal, Carlos Manuel Lozano Garc\u00eda, quien refiri\u00f3 que este censo no involucra a comerciantes de tianguis debido a la movilidad constante que ejercen.<\/p>\n\n\n<figure class=\"wp-block-post-featured-image\"><img loading=\"lazy\" decoding=\"async\" width=\"2560\" height=\"1920\" src=\"https:\/\/estado29.mx\/wp-content\/uploads\/2025\/01\/IMG_20250123_111338-min-scaled.jpg\" class=\"attachment-post-thumbnail size-post-thumbnail wp-post-image\" alt=\"\" style=\"object-fit:cover;\" srcset=\"https:\/\/estado29.mx\/wp-content\/uploads\/2025\/01\/IMG_20250123_111338-min-scaled.jpg 2560w, https:\/\/estado29.mx\/wp-content\/uploads\/2025\/01\/IMG_20250123_111338-min-300x225.jpg 300w, https:\/\/estado29.mx\/wp-content\/uploads\/2025\/01\/IMG_20250123_111338-min-1024x768.jpg 1024w, https:\/\/estado29.mx\/wp-content\/uploads\/2025\/01\/IMG_20250123_111338-min-768x576.jpg 768w, https:\/\/estado29.mx\/wp-content\/uploads\/2025\/01\/IMG_20250123_111338-min-1536x1152.jpg 1536w, https:\/\/estado29.mx\/wp-content\/uploads\/2025\/01\/IMG_20250123_111338-min-2048x1536.jpg 2048w, https:\/\/estado29.mx\/wp-content\/uploads\/2025\/01\/IMG_20250123_111338-min-750x563.jpg 750w, https:\/\/estado29.mx\/wp-content\/uploads\/2025\/01\/IMG_20250123_111338-min-1140x855.jpg 1140w\" sizes=\"auto, (max-width: 2560px) 100vw, 2560px\" \/><\/figure>\n\n\n<p><br>El pres\u00eddium estuvo integrado por Carlos Manuel Lozano Garc\u00eda, Coordinador Estatal, Mar\u00eda Dolores mart\u00ednez Cruz, Subdirectora Estatal de Administraci\u00f3n, Aurelio Ortega Ortega, Subdirector Estatal de Geograf\u00eda y Medio Ambiente, Adrian Guzman Leyva Subdirector Estatal de Inform\u00e1tica y Promoci\u00f3n.<\/p>\n","protected":false},"excerpt":{"rendered":"<p>Hoy jueves 23 de enero del a\u00f1o en curso, el Instituto Nacional de Estad\u00edstica y Geograf\u00eda en Tlaxcala, el (INEGI) realiz\u00f3 una presentaci\u00f3n de los censos econ\u00f3micos 2024, resultados oportunos a nivel estatal. El evento tuvo lugar en el Auditorio de la Coordinaci\u00f3n Estatal, ubicada en Tlacomulco, Ocotl\u00e1n, de la entidad tlaxcalteca y fue presentado [&hellip;]<\/p>\n","protected":false},"author":7,"featured_media":92754,"comment_status":"open","ping_status":"open","sticky":false,"template":"","format":"standard","meta":{"om_disable_all_campaigns":false,"_monsterinsights_skip_tracking":false,"_monsterinsights_sitenote_active":false,"_monsterinsights_sitenote_note":"","_monsterinsights_sitenote_category":0,"jnews-multi-image_gallery":[],"jnews_single_post":{"format":"standard"},"jnews_primary_category":[],"footnotes":""},"categories":[1],"tags":[],"class_list":["post-92753","post","type-post","status-publish","format-standard","has-post-thumbnail","hentry","category-uncategorized"],"aioseo_notices":[],"_links":{"self":[{"href":"https:\/\/estado29.mx\/index.php?rest_route=\/wp\/v2\/posts\/92753","targetHints":{"allow":["GET"]}}],"collection":[{"href":"https:\/\/estado29.mx\/index.php?rest_route=\/wp\/v2\/posts"}],"about":[{"href":"https:\/\/estado29.mx\/index.php?rest_route=\/wp\/v2\/types\/post"}],"author":[{"embeddable":true,"href":"https:\/\/estado29.mx\/index.php?rest_route=\/wp\/v2\/users\/7"}],"replies":[{"embeddable":true,"href":"https:\/\/estado29.mx\/index.php?rest_route=%2Fwp%2Fv2%2Fcomments&post=92753"}],"version-history":[{"count":1,"href":"https:\/\/estado29.mx\/index.php?rest_route=\/wp\/v2\/posts\/92753\/revisions"}],"predecessor-version":[{"id":92756,"href":"https:\/\/estado29.mx\/index.php?rest_route=\/wp\/v2\/posts\/92753\/revisions\/92756"}],"wp:featuredmedia":[{"embeddable":true,"href":"https:\/\/estado29.mx\/index.php?rest_route=\/wp\/v2\/media\/92754"}],"wp:attachment":[{"href":"https:\/\/estado29.mx\/index.php?rest_route=%2Fwp%2Fv2%2Fmedia&parent=92753"}],"wp:term":[{"taxonomy":"category","embeddable":true,"href":"https:\/\/estado29.mx\/index.php?rest_route=%2Fwp%2Fv2%2Fcategories&post=92753"},{"taxonomy":"post_tag","embeddable":true,"href":"https:\/\/estado29.mx\/index.php?rest_route=%2Fwp%2Fv2%2Ftags&post=92753"}],"curies":[{"name":"wp","href":"https:\/\/api.w.org\/{rel}","templated":true}]}}