{"id":92757,"date":"2025-01-23T19:36:02","date_gmt":"2025-01-23T19:36:02","guid":{"rendered":"https:\/\/estado29.mx\/?p=92757"},"modified":"2025-01-23T19:36:02","modified_gmt":"2025-01-23T19:36:02","slug":"anuncia-alcaldesa-de-cuapiaxtla-cambio-de-ubicacion-de-instalaciones-del-smdif","status":"publish","type":"post","link":"https:\/\/estado29.mx\/?p=92757","title":{"rendered":"Anuncia Alcaldesa de Cuapiaxtla cambio de ubicaci\u00f3n de instalaciones del SMDIF."},"content":{"rendered":"\n<p><br>La presidenta municipal de Cuapiaxtla, Alma Lorena Escobar Gonz\u00e1lez, anunci\u00f3 el cambo de ubicaci\u00f3n de las instalaciones del Sistema Municipal para el Desarrollo Integral de las Familias de este lugar (SMDIF).<\/p>\n\n\n\n<p><br>La alcaldesa detall\u00f3, que este cambio, se debe a que se tiene contemplado instalar un Centro de Comando y Control (C2), por lo que de manera provisional el SMDIF, por lo que anunci\u00f3 la nueva direcci\u00f3n que es Esquina Manuel Doblado y Mariano Escobedo, en el Barrio de San Antonio, de este poblado.<\/p>\n\n\n\n<p><br>Dijo que estas acciones, son con el objetivo de garantizar la seguridad a los pobladores de Cuapiaxtla, por lo que en cuanto se tenga un lugar establecido para instalar al SMDIF, se estar\u00e1 dando a conocer a la poblaci\u00f3n.<\/p>\n\n\n\n<p><br>Para finalizar, la alcaldesa extern\u00f3 que continuar\u00e1 trabajando para brindar mejores oportunidades y condiciones de vida a los pobladores de este municipio.<\/p>\n\n\n<figure class=\"wp-block-post-featured-image\"><img loading=\"lazy\" decoding=\"async\" width=\"720\" height=\"744\" src=\"https:\/\/estado29.mx\/wp-content\/uploads\/2025\/01\/Screenshot_2025-01-22-17-27-52-8862.jpg\" class=\"attachment-post-thumbnail size-post-thumbnail wp-post-image\" alt=\"\" style=\"object-fit:cover;\" srcset=\"https:\/\/estado29.mx\/wp-content\/uploads\/2025\/01\/Screenshot_2025-01-22-17-27-52-8862.jpg 720w, https:\/\/estado29.mx\/wp-content\/uploads\/2025\/01\/Screenshot_2025-01-22-17-27-52-8862-290x300.jpg 290w\" sizes=\"auto, (max-width: 720px) 100vw, 720px\" \/><\/figure>","protected":false},"excerpt":{"rendered":"<p>La presidenta municipal de Cuapiaxtla, Alma Lorena Escobar Gonz\u00e1lez, anunci\u00f3 el cambo de ubicaci\u00f3n de las instalaciones del Sistema Municipal para el Desarrollo Integral de las Familias de este lugar (SMDIF). La alcaldesa detall\u00f3, que este cambio, se debe a que se tiene contemplado instalar un Centro de Comando y Control (C2), por lo que [&hellip;]<\/p>\n","protected":false},"author":7,"featured_media":92759,"comment_status":"open","ping_status":"open","sticky":false,"template":"","format":"standard","meta":{"om_disable_all_campaigns":false,"_monsterinsights_skip_tracking":false,"_monsterinsights_sitenote_active":false,"_monsterinsights_sitenote_note":"","_monsterinsights_sitenote_category":0,"jnews-multi-image_gallery":[],"jnews_single_post":{"format":"standard"},"jnews_primary_category":[],"footnotes":""},"categories":[1],"tags":[],"class_list":["post-92757","post","type-post","status-publish","format-standard","has-post-thumbnail","hentry","category-uncategorized"],"aioseo_notices":[],"_links":{"self":[{"href":"https:\/\/estado29.mx\/index.php?rest_route=\/wp\/v2\/posts\/92757","targetHints":{"allow":["GET"]}}],"collection":[{"href":"https:\/\/estado29.mx\/index.php?rest_route=\/wp\/v2\/posts"}],"about":[{"href":"https:\/\/estado29.mx\/index.php?rest_route=\/wp\/v2\/types\/post"}],"author":[{"embeddable":true,"href":"https:\/\/estado29.mx\/index.php?rest_route=\/wp\/v2\/users\/7"}],"replies":[{"embeddable":true,"href":"https:\/\/estado29.mx\/index.php?rest_route=%2Fwp%2Fv2%2Fcomments&post=92757"}],"version-history":[{"count":1,"href":"https:\/\/estado29.mx\/index.php?rest_route=\/wp\/v2\/posts\/92757\/revisions"}],"predecessor-version":[{"id":92760,"href":"https:\/\/estado29.mx\/index.php?rest_route=\/wp\/v2\/posts\/92757\/revisions\/92760"}],"wp:featuredmedia":[{"embeddable":true,"href":"https:\/\/estado29.mx\/index.php?rest_route=\/wp\/v2\/media\/92759"}],"wp:attachment":[{"href":"https:\/\/estado29.mx\/index.php?rest_route=%2Fwp%2Fv2%2Fmedia&parent=92757"}],"wp:term":[{"taxonomy":"category","embeddable":true,"href":"https:\/\/estado29.mx\/index.php?rest_route=%2Fwp%2Fv2%2Fcategories&post=92757"},{"taxonomy":"post_tag","embeddable":true,"href":"https:\/\/estado29.mx\/index.php?rest_route=%2Fwp%2Fv2%2Ftags&post=92757"}],"curies":[{"name":"wp","href":"https:\/\/api.w.org\/{rel}","templated":true}]}}