{"id":92765,"date":"2025-01-24T01:04:08","date_gmt":"2025-01-24T01:04:08","guid":{"rendered":"https:\/\/estado29.mx\/?p=92765"},"modified":"2025-01-24T01:05:43","modified_gmt":"2025-01-24T01:05:43","slug":"lleva-a-cabo-jurisdiccion-sanitaria-ii-huamantla-campana-de-de-vacunacion-contra-covid-19-dirigida-a-ninos-de-5-anos-de-edad","status":"publish","type":"post","link":"https:\/\/estado29.mx\/?p=92765","title":{"rendered":"Lleva a cabo Jurisdicci\u00f3n Sanitaria II Huamantla, Campa\u00f1a de de Vacunaci\u00f3n contra Covid-19 dirigida a ni\u00f1os de 5 a\u00f1os de edad."},"content":{"rendered":"\n<p><br>El Representante del Distrito 2 Huamantla, Agust\u00edn V\u00e9lez P\u00e9rez, refiri\u00f3 que como parte de las medidas preventivas de salud, actualmente se lleva a cabo una Campa\u00f1a de Vacunaci\u00f3n contra Covid-19, dirigida \u00fanicamente a ni\u00f1os de 5 a\u00f1os.<\/p>\n\n\n\n<p><br>Agust\u00edn V\u00e9lez P\u00e9rez, agreg\u00f3 que esta campa\u00f1a de vacunaci\u00f3n dio inicio el pasado lunes 20 de enero y estar\u00eda finalizando hasta agotar las dosis disponibles en los hospitales, centros y unidades m\u00e9dicas IMSS-Bienestar, que comprende la Jurisdicci\u00f3n Sanitaria II Huamantla.<\/p>\n\n\n\n<p><br>Asimismo, coment\u00f3 que hasta la fecha se tiene un 40 por ciento de avance en la aplicaci\u00f3n de vacunas, por lo que hizo extensa la invitaci\u00f3n a padres de familia que tienen peque\u00f1os de estas edades, para que tomen en cuenta que estas vacunas, son aplicadas con el objetivo de evitar que sus peque\u00f1os padezcan alguna enfermedad respiratoria aguda.<\/p>\n\n\n\n<p><br>Para finalizar, dijo que los horarios de atenci\u00f3n son de 8 de la ma\u00f1ana a 8 de la noche, de lunes a domingo.<\/p>\n\n\n<figure class=\"wp-block-post-featured-image\"><img loading=\"lazy\" decoding=\"async\" width=\"1280\" height=\"960\" src=\"https:\/\/estado29.mx\/wp-content\/uploads\/2025\/01\/IMG-20250123-WA0016.jpg\" class=\"attachment-post-thumbnail size-post-thumbnail wp-post-image\" alt=\"\" style=\"object-fit:cover;\" srcset=\"https:\/\/estado29.mx\/wp-content\/uploads\/2025\/01\/IMG-20250123-WA0016.jpg 1280w, https:\/\/estado29.mx\/wp-content\/uploads\/2025\/01\/IMG-20250123-WA0016-300x225.jpg 300w, https:\/\/estado29.mx\/wp-content\/uploads\/2025\/01\/IMG-20250123-WA0016-1024x768.jpg 1024w, https:\/\/estado29.mx\/wp-content\/uploads\/2025\/01\/IMG-20250123-WA0016-768x576.jpg 768w, https:\/\/estado29.mx\/wp-content\/uploads\/2025\/01\/IMG-20250123-WA0016-750x563.jpg 750w, https:\/\/estado29.mx\/wp-content\/uploads\/2025\/01\/IMG-20250123-WA0016-1140x855.jpg 1140w\" sizes=\"auto, (max-width: 1280px) 100vw, 1280px\" \/><\/figure>","protected":false},"excerpt":{"rendered":"<p>El Representante del Distrito 2 Huamantla, Agust\u00edn V\u00e9lez P\u00e9rez, refiri\u00f3 que como parte de las medidas preventivas de salud, actualmente se lleva a cabo una Campa\u00f1a de Vacunaci\u00f3n contra Covid-19, dirigida \u00fanicamente a ni\u00f1os de 5 a\u00f1os. Agust\u00edn V\u00e9lez P\u00e9rez, agreg\u00f3 que esta campa\u00f1a de vacunaci\u00f3n dio inicio el pasado lunes 20 de enero y [&hellip;]<\/p>\n","protected":false},"author":7,"featured_media":92766,"comment_status":"open","ping_status":"open","sticky":false,"template":"","format":"standard","meta":{"om_disable_all_campaigns":false,"_monsterinsights_skip_tracking":false,"_monsterinsights_sitenote_active":false,"_monsterinsights_sitenote_note":"","_monsterinsights_sitenote_category":0,"jnews-multi-image_gallery":[],"jnews_single_post":{"format":"standard"},"jnews_primary_category":[],"footnotes":""},"categories":[1],"tags":[],"class_list":["post-92765","post","type-post","status-publish","format-standard","has-post-thumbnail","hentry","category-uncategorized"],"aioseo_notices":[],"_links":{"self":[{"href":"https:\/\/estado29.mx\/index.php?rest_route=\/wp\/v2\/posts\/92765","targetHints":{"allow":["GET"]}}],"collection":[{"href":"https:\/\/estado29.mx\/index.php?rest_route=\/wp\/v2\/posts"}],"about":[{"href":"https:\/\/estado29.mx\/index.php?rest_route=\/wp\/v2\/types\/post"}],"author":[{"embeddable":true,"href":"https:\/\/estado29.mx\/index.php?rest_route=\/wp\/v2\/users\/7"}],"replies":[{"embeddable":true,"href":"https:\/\/estado29.mx\/index.php?rest_route=%2Fwp%2Fv2%2Fcomments&post=92765"}],"version-history":[{"count":2,"href":"https:\/\/estado29.mx\/index.php?rest_route=\/wp\/v2\/posts\/92765\/revisions"}],"predecessor-version":[{"id":92769,"href":"https:\/\/estado29.mx\/index.php?rest_route=\/wp\/v2\/posts\/92765\/revisions\/92769"}],"wp:featuredmedia":[{"embeddable":true,"href":"https:\/\/estado29.mx\/index.php?rest_route=\/wp\/v2\/media\/92766"}],"wp:attachment":[{"href":"https:\/\/estado29.mx\/index.php?rest_route=%2Fwp%2Fv2%2Fmedia&parent=92765"}],"wp:term":[{"taxonomy":"category","embeddable":true,"href":"https:\/\/estado29.mx\/index.php?rest_route=%2Fwp%2Fv2%2Fcategories&post=92765"},{"taxonomy":"post_tag","embeddable":true,"href":"https:\/\/estado29.mx\/index.php?rest_route=%2Fwp%2Fv2%2Ftags&post=92765"}],"curies":[{"name":"wp","href":"https:\/\/api.w.org\/{rel}","templated":true}]}}