{"id":92772,"date":"2025-01-24T01:11:06","date_gmt":"2025-01-24T01:11:06","guid":{"rendered":"https:\/\/estado29.mx\/?p=92772"},"modified":"2025-01-24T01:11:07","modified_gmt":"2025-01-24T01:11:07","slug":"con-exito-se-realiza-el-primer-recital-de-violin-2025-en-huamantla","status":"publish","type":"post","link":"https:\/\/estado29.mx\/?p=92772","title":{"rendered":"Con \u00e9xito se realiza el Primer Recital de Viol\u00edn 2025 en Huamantla."},"content":{"rendered":"\n<p><br>Este jueves 23 de enero del a\u00f1o en curso, se llev\u00f3 a cabo en el Centro Cultural Huamantla, el Primer Recital de Viol\u00edn 2025.<\/p>\n\n\n\n<figure class=\"wp-block-image size-large\"><img loading=\"lazy\" decoding=\"async\" width=\"768\" height=\"1024\" src=\"https:\/\/estado29.mx\/wp-content\/uploads\/2025\/01\/IMG_20250123_163031-min-768x1024.jpg\" alt=\"\" class=\"wp-image-92774\" srcset=\"https:\/\/estado29.mx\/wp-content\/uploads\/2025\/01\/IMG_20250123_163031-min-768x1024.jpg 768w, https:\/\/estado29.mx\/wp-content\/uploads\/2025\/01\/IMG_20250123_163031-min-225x300.jpg 225w, https:\/\/estado29.mx\/wp-content\/uploads\/2025\/01\/IMG_20250123_163031-min-1152x1536.jpg 1152w, https:\/\/estado29.mx\/wp-content\/uploads\/2025\/01\/IMG_20250123_163031-min-1536x2048.jpg 1536w, https:\/\/estado29.mx\/wp-content\/uploads\/2025\/01\/IMG_20250123_163031-min-750x1000.jpg 750w, https:\/\/estado29.mx\/wp-content\/uploads\/2025\/01\/IMG_20250123_163031-min-1140x1520.jpg 1140w, https:\/\/estado29.mx\/wp-content\/uploads\/2025\/01\/IMG_20250123_163031-min-scaled.jpg 1920w\" sizes=\"auto, (max-width: 768px) 100vw, 768px\" \/><\/figure>\n\n\n\n<p><br>El evento tuvo lugar en el Auditorio Javier Barros Valero, del Centro Cultural Huamantla en el que se tuvo la participaci\u00f3n de 17 ni\u00f1os, alumnos de este taller.<\/p>\n\n\n\n<figure class=\"wp-block-image size-large\"><img loading=\"lazy\" decoding=\"async\" width=\"768\" height=\"1024\" src=\"https:\/\/estado29.mx\/wp-content\/uploads\/2025\/01\/IMG_20250123_163039-min-768x1024.jpg\" alt=\"\" class=\"wp-image-92775\" srcset=\"https:\/\/estado29.mx\/wp-content\/uploads\/2025\/01\/IMG_20250123_163039-min-768x1024.jpg 768w, https:\/\/estado29.mx\/wp-content\/uploads\/2025\/01\/IMG_20250123_163039-min-225x300.jpg 225w, https:\/\/estado29.mx\/wp-content\/uploads\/2025\/01\/IMG_20250123_163039-min-1152x1536.jpg 1152w, https:\/\/estado29.mx\/wp-content\/uploads\/2025\/01\/IMG_20250123_163039-min-1536x2048.jpg 1536w, https:\/\/estado29.mx\/wp-content\/uploads\/2025\/01\/IMG_20250123_163039-min-750x1000.jpg 750w, https:\/\/estado29.mx\/wp-content\/uploads\/2025\/01\/IMG_20250123_163039-min-1140x1520.jpg 1140w, https:\/\/estado29.mx\/wp-content\/uploads\/2025\/01\/IMG_20250123_163039-min-scaled.jpg 1920w\" sizes=\"auto, (max-width: 768px) 100vw, 768px\" \/><\/figure>\n\n\n\n<p><br>M\u00f3nica Cervantes S\u00e1nchez, maestra de este taller en el Centro Cultural Huamantla, explic\u00f3 de manera detallada c\u00f3mo es que se lleva a cabo esta actividad y hace extensa la invitaci\u00f3n a los pobladores que deseen sumarse a este taller, las clases se imparten los d\u00edas martes y jueves de 4 a 6 de la tarde.<\/p>\n\n\n<figure class=\"wp-block-post-featured-image\"><img loading=\"lazy\" decoding=\"async\" width=\"1920\" height=\"2560\" src=\"https:\/\/estado29.mx\/wp-content\/uploads\/2025\/01\/IMG_20250123_165044-min-scaled.jpg\" class=\"attachment-post-thumbnail size-post-thumbnail wp-post-image\" alt=\"\" style=\"object-fit:cover;\" srcset=\"https:\/\/estado29.mx\/wp-content\/uploads\/2025\/01\/IMG_20250123_165044-min-scaled.jpg 1920w, https:\/\/estado29.mx\/wp-content\/uploads\/2025\/01\/IMG_20250123_165044-min-225x300.jpg 225w, https:\/\/estado29.mx\/wp-content\/uploads\/2025\/01\/IMG_20250123_165044-min-768x1024.jpg 768w, https:\/\/estado29.mx\/wp-content\/uploads\/2025\/01\/IMG_20250123_165044-min-1152x1536.jpg 1152w, https:\/\/estado29.mx\/wp-content\/uploads\/2025\/01\/IMG_20250123_165044-min-1536x2048.jpg 1536w, https:\/\/estado29.mx\/wp-content\/uploads\/2025\/01\/IMG_20250123_165044-min-750x1000.jpg 750w, https:\/\/estado29.mx\/wp-content\/uploads\/2025\/01\/IMG_20250123_165044-min-1140x1520.jpg 1140w\" sizes=\"auto, (max-width: 1920px) 100vw, 1920px\" \/><\/figure>\n\n\n<p><br>Para finalizar dijo que el objetivo de este Recital de Viol\u00edn es que los padres de los alumnos vean el avance que tienen sus hijos en cuanto sus aprendizajes de este taller.<\/p>\n","protected":false},"excerpt":{"rendered":"<p>Este jueves 23 de enero del a\u00f1o en curso, se llev\u00f3 a cabo en el Centro Cultural Huamantla, el Primer Recital de Viol\u00edn 2025. El evento tuvo lugar en el Auditorio Javier Barros Valero, del Centro Cultural Huamantla en el que se tuvo la participaci\u00f3n de 17 ni\u00f1os, alumnos de este taller. M\u00f3nica Cervantes S\u00e1nchez, [&hellip;]<\/p>\n","protected":false},"author":7,"featured_media":92773,"comment_status":"open","ping_status":"open","sticky":false,"template":"","format":"standard","meta":{"om_disable_all_campaigns":false,"_monsterinsights_skip_tracking":false,"_monsterinsights_sitenote_active":false,"_monsterinsights_sitenote_note":"","_monsterinsights_sitenote_category":0,"jnews-multi-image_gallery":[],"jnews_single_post":{"format":"standard"},"jnews_primary_category":[],"footnotes":""},"categories":[1],"tags":[],"class_list":["post-92772","post","type-post","status-publish","format-standard","has-post-thumbnail","hentry","category-uncategorized"],"aioseo_notices":[],"_links":{"self":[{"href":"https:\/\/estado29.mx\/index.php?rest_route=\/wp\/v2\/posts\/92772","targetHints":{"allow":["GET"]}}],"collection":[{"href":"https:\/\/estado29.mx\/index.php?rest_route=\/wp\/v2\/posts"}],"about":[{"href":"https:\/\/estado29.mx\/index.php?rest_route=\/wp\/v2\/types\/post"}],"author":[{"embeddable":true,"href":"https:\/\/estado29.mx\/index.php?rest_route=\/wp\/v2\/users\/7"}],"replies":[{"embeddable":true,"href":"https:\/\/estado29.mx\/index.php?rest_route=%2Fwp%2Fv2%2Fcomments&post=92772"}],"version-history":[{"count":1,"href":"https:\/\/estado29.mx\/index.php?rest_route=\/wp\/v2\/posts\/92772\/revisions"}],"predecessor-version":[{"id":92776,"href":"https:\/\/estado29.mx\/index.php?rest_route=\/wp\/v2\/posts\/92772\/revisions\/92776"}],"wp:featuredmedia":[{"embeddable":true,"href":"https:\/\/estado29.mx\/index.php?rest_route=\/wp\/v2\/media\/92773"}],"wp:attachment":[{"href":"https:\/\/estado29.mx\/index.php?rest_route=%2Fwp%2Fv2%2Fmedia&parent=92772"}],"wp:term":[{"taxonomy":"category","embeddable":true,"href":"https:\/\/estado29.mx\/index.php?rest_route=%2Fwp%2Fv2%2Fcategories&post=92772"},{"taxonomy":"post_tag","embeddable":true,"href":"https:\/\/estado29.mx\/index.php?rest_route=%2Fwp%2Fv2%2Ftags&post=92772"}],"curies":[{"name":"wp","href":"https:\/\/api.w.org\/{rel}","templated":true}]}}