{"id":92778,"date":"2025-01-24T03:29:41","date_gmt":"2025-01-24T03:29:41","guid":{"rendered":"https:\/\/estado29.mx\/?p=92778"},"modified":"2025-01-24T03:29:41","modified_gmt":"2025-01-24T03:29:41","slug":"se-va-el-director-de-seguridad-publica-de-huamantla","status":"publish","type":"post","link":"https:\/\/estado29.mx\/?p=92778","title":{"rendered":"Se va el Director de Seguridad P\u00fablica de Huamantla."},"content":{"rendered":"\n<p>Paco Ugarte.<\/p>\n\n\n\n<ul class=\"wp-block-list\">\n<li>Es el primer cambio importante de la administraci\u00f3n 2024 &#8211; 2027.<\/li>\n<\/ul>\n\n\n\n<p>Esta ma\u00f1ana se confirm\u00f3 la noticia sobre la destituci\u00f3n del Director de la Direcci\u00f3n de Seguridad P\u00fablica, Tr\u00e1nsito y Protecci\u00f3n Civil de Huamantla, Francisco Javier Carreto G\u00e1mez.<\/p>\n\n\n\n<p>A pesar de que en sesi\u00f3n ordinaria de Cabildo, el pasado 6 de septiembre de 2024, se ratificar\u00e1 su cargo como Director de Seguridad P\u00fablica, se dio a conocer que este jueves 23 de enero de 2025, dej\u00f3 el cargo.<\/p>\n\n\n\n<p>Las autoridades municipales informaron que se trata de una baja justificada, toda vez que se busca mejorar cada vez el perfil de este importante cargo.<\/p>\n\n\n\n<p>Expusieron que a pesar de que no existe director a cargo, hay una subdirecci\u00f3n, quien se encarga de los trabajos de seguridad en el Pueblo M\u00e1gico, hasta que en pr\u00f3ximas horas se d\u00e9 a conocer qui\u00e9n ocupar\u00e1 este cargo.<\/p>\n\n\n\n<p>Autoridades municipales se\u00f1alaron que el cambio no generar\u00e1 desestabilidad dentro de la corporaci\u00f3n ni en garantizar la seguridad en la cabecera municipal y las 39 comunidades.<\/p>\n","protected":false},"excerpt":{"rendered":"<p>Paco Ugarte. Esta ma\u00f1ana se confirm\u00f3 la noticia sobre la destituci\u00f3n del Director de la Direcci\u00f3n de Seguridad P\u00fablica, Tr\u00e1nsito y Protecci\u00f3n Civil de Huamantla, Francisco Javier Carreto G\u00e1mez. A pesar de que en sesi\u00f3n ordinaria de Cabildo, el pasado 6 de septiembre de 2024, se ratificar\u00e1 su cargo como Director de Seguridad P\u00fablica, se [&hellip;]<\/p>\n","protected":false},"author":5,"featured_media":92779,"comment_status":"open","ping_status":"open","sticky":false,"template":"","format":"standard","meta":{"om_disable_all_campaigns":false,"_monsterinsights_skip_tracking":false,"_monsterinsights_sitenote_active":false,"_monsterinsights_sitenote_note":"","_monsterinsights_sitenote_category":0,"jnews-multi-image_gallery":[],"jnews_single_post":{"format":"standard"},"jnews_primary_category":[],"footnotes":""},"categories":[1],"tags":[],"class_list":["post-92778","post","type-post","status-publish","format-standard","has-post-thumbnail","hentry","category-uncategorized"],"aioseo_notices":[],"_links":{"self":[{"href":"https:\/\/estado29.mx\/index.php?rest_route=\/wp\/v2\/posts\/92778","targetHints":{"allow":["GET"]}}],"collection":[{"href":"https:\/\/estado29.mx\/index.php?rest_route=\/wp\/v2\/posts"}],"about":[{"href":"https:\/\/estado29.mx\/index.php?rest_route=\/wp\/v2\/types\/post"}],"author":[{"embeddable":true,"href":"https:\/\/estado29.mx\/index.php?rest_route=\/wp\/v2\/users\/5"}],"replies":[{"embeddable":true,"href":"https:\/\/estado29.mx\/index.php?rest_route=%2Fwp%2Fv2%2Fcomments&post=92778"}],"version-history":[{"count":1,"href":"https:\/\/estado29.mx\/index.php?rest_route=\/wp\/v2\/posts\/92778\/revisions"}],"predecessor-version":[{"id":92780,"href":"https:\/\/estado29.mx\/index.php?rest_route=\/wp\/v2\/posts\/92778\/revisions\/92780"}],"wp:featuredmedia":[{"embeddable":true,"href":"https:\/\/estado29.mx\/index.php?rest_route=\/wp\/v2\/media\/92779"}],"wp:attachment":[{"href":"https:\/\/estado29.mx\/index.php?rest_route=%2Fwp%2Fv2%2Fmedia&parent=92778"}],"wp:term":[{"taxonomy":"category","embeddable":true,"href":"https:\/\/estado29.mx\/index.php?rest_route=%2Fwp%2Fv2%2Fcategories&post=92778"},{"taxonomy":"post_tag","embeddable":true,"href":"https:\/\/estado29.mx\/index.php?rest_route=%2Fwp%2Fv2%2Ftags&post=92778"}],"curies":[{"name":"wp","href":"https:\/\/api.w.org\/{rel}","templated":true}]}}