{"id":92781,"date":"2025-01-24T19:50:20","date_gmt":"2025-01-24T19:50:20","guid":{"rendered":"https:\/\/estado29.mx\/?p=92781"},"modified":"2025-01-24T19:50:20","modified_gmt":"2025-01-24T19:50:20","slug":"liberan-a-joven-s3cu3str4d0-en-tlaxcala","status":"publish","type":"post","link":"https:\/\/estado29.mx\/?p=92781","title":{"rendered":"Liberan a joven s3cu3str4d0 en Tlaxcala."},"content":{"rendered":"\n<p>Elementos de Seguridad P\u00fablica de Contla, apoyaron al resguardo de un menor de edad ya eliberdado tras ser s3cu3str4d0 el pasado 21 de enero entre los l\u00edmites de Ixtacuixtla y Panotla.<\/p>\n\n\n\n<p>La liberaci\u00f3n se registr\u00f3 cerca de una empresa en San Marco, Contla, por lo que el menor de tan solo 14 a\u00f1os de edad fue trasladado a la Comisar\u00eda Municipal para dar parte a las autoridades.<\/p>\n\n\n\n<p>La Fiscal\u00eda General de Justicia del Estado y sus familiares fueron notificados y han iniciado con la carpeta de investigaci\u00f3n de estos hechos.<\/p>\n\n\n\n<p>El estado de salud del menor se reporta como estable mientras, sin embargo de su primo quien tambi\u00e9n fue privado de la libertad a\u00fan no se sabe nada.<\/p>\n","protected":false},"excerpt":{"rendered":"<p>Elementos de Seguridad P\u00fablica de Contla, apoyaron al resguardo de un menor de edad ya eliberdado tras ser s3cu3str4d0 el pasado 21 de enero entre los l\u00edmites de Ixtacuixtla y Panotla. La liberaci\u00f3n se registr\u00f3 cerca de una empresa en San Marco, Contla, por lo que el menor de tan solo 14 a\u00f1os de edad [&hellip;]<\/p>\n","protected":false},"author":5,"featured_media":92782,"comment_status":"open","ping_status":"open","sticky":false,"template":"","format":"standard","meta":{"om_disable_all_campaigns":false,"_monsterinsights_skip_tracking":false,"_monsterinsights_sitenote_active":false,"_monsterinsights_sitenote_note":"","_monsterinsights_sitenote_category":0,"jnews-multi-image_gallery":[],"jnews_single_post":{"format":"standard"},"jnews_primary_category":[],"footnotes":""},"categories":[1],"tags":[],"class_list":["post-92781","post","type-post","status-publish","format-standard","has-post-thumbnail","hentry","category-uncategorized"],"aioseo_notices":[],"_links":{"self":[{"href":"https:\/\/estado29.mx\/index.php?rest_route=\/wp\/v2\/posts\/92781","targetHints":{"allow":["GET"]}}],"collection":[{"href":"https:\/\/estado29.mx\/index.php?rest_route=\/wp\/v2\/posts"}],"about":[{"href":"https:\/\/estado29.mx\/index.php?rest_route=\/wp\/v2\/types\/post"}],"author":[{"embeddable":true,"href":"https:\/\/estado29.mx\/index.php?rest_route=\/wp\/v2\/users\/5"}],"replies":[{"embeddable":true,"href":"https:\/\/estado29.mx\/index.php?rest_route=%2Fwp%2Fv2%2Fcomments&post=92781"}],"version-history":[{"count":1,"href":"https:\/\/estado29.mx\/index.php?rest_route=\/wp\/v2\/posts\/92781\/revisions"}],"predecessor-version":[{"id":92783,"href":"https:\/\/estado29.mx\/index.php?rest_route=\/wp\/v2\/posts\/92781\/revisions\/92783"}],"wp:featuredmedia":[{"embeddable":true,"href":"https:\/\/estado29.mx\/index.php?rest_route=\/wp\/v2\/media\/92782"}],"wp:attachment":[{"href":"https:\/\/estado29.mx\/index.php?rest_route=%2Fwp%2Fv2%2Fmedia&parent=92781"}],"wp:term":[{"taxonomy":"category","embeddable":true,"href":"https:\/\/estado29.mx\/index.php?rest_route=%2Fwp%2Fv2%2Fcategories&post=92781"},{"taxonomy":"post_tag","embeddable":true,"href":"https:\/\/estado29.mx\/index.php?rest_route=%2Fwp%2Fv2%2Ftags&post=92781"}],"curies":[{"name":"wp","href":"https:\/\/api.w.org\/{rel}","templated":true}]}}