{"id":92808,"date":"2025-01-27T23:16:47","date_gmt":"2025-01-27T23:16:47","guid":{"rendered":"https:\/\/estado29.mx\/?p=92808"},"modified":"2025-01-27T23:16:48","modified_gmt":"2025-01-27T23:16:48","slug":"no-se-registra-un-incremento-sustantivo-en-la-repatriacion-de-connacionales-presidenta-claudia-sheinbaum","status":"publish","type":"post","link":"https:\/\/estado29.mx\/?p=92808","title":{"rendered":"NO SE REGISTRA UN INCREMENTO SUSTANTIVO EN LA REPATRIACI\u00d3N DE CONNACIONALES: PRESIDENTA CLAUDIA SHEINBAUM"},"content":{"rendered":"<figure class=\"wp-block-post-featured-image\"><img loading=\"lazy\" decoding=\"async\" width=\"1600\" height=\"1067\" src=\"https:\/\/estado29.mx\/wp-content\/uploads\/2025\/01\/IMG-20250127-WA0028.jpg\" class=\"attachment-post-thumbnail size-post-thumbnail wp-post-image\" alt=\"\" style=\"object-fit:cover;\" srcset=\"https:\/\/estado29.mx\/wp-content\/uploads\/2025\/01\/IMG-20250127-WA0028.jpg 1600w, https:\/\/estado29.mx\/wp-content\/uploads\/2025\/01\/IMG-20250127-WA0028-300x200.jpg 300w, https:\/\/estado29.mx\/wp-content\/uploads\/2025\/01\/IMG-20250127-WA0028-1024x683.jpg 1024w, https:\/\/estado29.mx\/wp-content\/uploads\/2025\/01\/IMG-20250127-WA0028-768x512.jpg 768w, https:\/\/estado29.mx\/wp-content\/uploads\/2025\/01\/IMG-20250127-WA0028-1536x1024.jpg 1536w, https:\/\/estado29.mx\/wp-content\/uploads\/2025\/01\/IMG-20250127-WA0028-750x500.jpg 750w, https:\/\/estado29.mx\/wp-content\/uploads\/2025\/01\/IMG-20250127-WA0028-1140x760.jpg 1140w\" sizes=\"auto, (max-width: 1600px) 100vw, 1600px\" \/><\/figure>\n\n\n<p>*Han sido repatriadas 4,094 personas del 20 al 26 de enero * \u201cHasta ahora no hubo un incremento sustantivo, hubo unos d\u00edas que disminuy\u00f3 con la entrada del Presidente Trump\u201d, precis\u00f3* \u201cLa Canciller\u00eda y Migraci\u00f3n tiene un esquema por si hay una violaci\u00f3n los derechos humanos de los mexicanos que llegan a nuestro pa\u00eds\u201d, afirm\u00f3 Del 20 al 26 de enero de este a\u00f1o, M\u00e9xico ha recibido a 4 mil 94 personas repatriadas de Estados Unidos, inform\u00f3 la Presidenta Claudia Sheinbaum Pardo, como parte de esquema de colaboraci\u00f3n entre ambos gobiernos en materia de migraci\u00f3n, que busca garantizar una relaci\u00f3n con di\u00e1logo y respeto. *\u201cDel 20 al 26 de enero se han recibido 4 mil 94 personas, la gran mayor\u00eda de ellos mexicanos y mexicanas. Nosotros tenemos, como lo mencion\u00e9 hace unos d\u00edas, a partir de la llamada telef\u00f3nica que hubo entre el secretario de Estado, Marco Rubio, de Estados Unidos, y el canciller, Juan Ram\u00f3n de la Fuente, tenemos un grupo de trabajo que est\u00e1 trabajando sobre los temas de migraci\u00f3n y esperamos que este grupo se ampl\u00ede en otros temas que consideramos importantes con el gobierno de Estados Unidos\u201d*, inform\u00f3 en la conferencia matutina \u201cLas ma\u00f1aneras del pueblo\u201d. Asegur\u00f3 que la recepci\u00f3n de estos mexicanos repatriados no representan un incremento sustancial en el n\u00famero de paisanos y paisanas que regresan a nuestro pa\u00eds; incluso, hubo disminuci\u00f3n en el n\u00famero de regresos al inicio de la administraci\u00f3n del Presidente Donald Trump.*\u201cSon cuatro aviones, pero ha habido otras ocasiones en nuestro pa\u00eds que se han recibido cuatro aviones civiles que llegaron al Aeropuerto Internacional Felipe \u00c1ngeles; hasta ahora no hubo un incremento sustantivo, hubo unos d\u00edas que disminuy\u00f3 con la entrada del Presidente Trump, pero si lo tomamos por semana es un n\u00famero que en otras ocasiones ha tenido nuestro pa\u00eds\u201d*, aclar\u00f3. Record\u00f3 que no es la primera vez que M\u00e9xico y Estados Unidos trabajan de manera coordinada en materia de repatriaci\u00f3n, pues ocurri\u00f3 en administraciones anteriores, durante el primer periodo de Donald Trump y con el reci\u00e9n concluido del expresidente Joe Biden. Enfatiz\u00f3 que una prioridad para el Gobierno de M\u00e9xico es garantizar los derechos humanos de las y los mexicanos que regresan al pa\u00eds y record\u00f3 que con el programa \u201cM\u00e9xico te abraza\u201d se busca garantizar un ingreso digno, con programas, apoyos y centros de atenci\u00f3n que ya est\u00e1n instalados en los estados fronterizos. *\u201c\u00bfQu\u00e9 pedimos nosotros? Respeto a los derechos humanos, la Canciller\u00eda y Migraci\u00f3n tiene un esquema por si hay una violaci\u00f3n los derechos humanos de los mexicanos que llegan a nuestro pa\u00eds\u201d*, afirm\u00f3.<\/p>\n","protected":false},"excerpt":{"rendered":"<p>*Han sido repatriadas 4,094 personas del 20 al 26 de enero * \u201cHasta ahora no hubo un incremento sustantivo, hubo unos d\u00edas que disminuy\u00f3 con la entrada del Presidente Trump\u201d, precis\u00f3* \u201cLa Canciller\u00eda y Migraci\u00f3n tiene un esquema por si hay una violaci\u00f3n los derechos humanos de los mexicanos que llegan a nuestro pa\u00eds\u201d, afirm\u00f3 [&hellip;]<\/p>\n","protected":false},"author":4,"featured_media":92809,"comment_status":"open","ping_status":"open","sticky":false,"template":"","format":"standard","meta":{"om_disable_all_campaigns":false,"_monsterinsights_skip_tracking":false,"_monsterinsights_sitenote_active":false,"_monsterinsights_sitenote_note":"","_monsterinsights_sitenote_category":0,"jnews-multi-image_gallery":[],"jnews_single_post":{"format":"standard"},"jnews_primary_category":[],"footnotes":""},"categories":[1],"tags":[],"class_list":["post-92808","post","type-post","status-publish","format-standard","has-post-thumbnail","hentry","category-uncategorized"],"aioseo_notices":[],"_links":{"self":[{"href":"https:\/\/estado29.mx\/index.php?rest_route=\/wp\/v2\/posts\/92808","targetHints":{"allow":["GET"]}}],"collection":[{"href":"https:\/\/estado29.mx\/index.php?rest_route=\/wp\/v2\/posts"}],"about":[{"href":"https:\/\/estado29.mx\/index.php?rest_route=\/wp\/v2\/types\/post"}],"author":[{"embeddable":true,"href":"https:\/\/estado29.mx\/index.php?rest_route=\/wp\/v2\/users\/4"}],"replies":[{"embeddable":true,"href":"https:\/\/estado29.mx\/index.php?rest_route=%2Fwp%2Fv2%2Fcomments&post=92808"}],"version-history":[{"count":1,"href":"https:\/\/estado29.mx\/index.php?rest_route=\/wp\/v2\/posts\/92808\/revisions"}],"predecessor-version":[{"id":92810,"href":"https:\/\/estado29.mx\/index.php?rest_route=\/wp\/v2\/posts\/92808\/revisions\/92810"}],"wp:featuredmedia":[{"embeddable":true,"href":"https:\/\/estado29.mx\/index.php?rest_route=\/wp\/v2\/media\/92809"}],"wp:attachment":[{"href":"https:\/\/estado29.mx\/index.php?rest_route=%2Fwp%2Fv2%2Fmedia&parent=92808"}],"wp:term":[{"taxonomy":"category","embeddable":true,"href":"https:\/\/estado29.mx\/index.php?rest_route=%2Fwp%2Fv2%2Fcategories&post=92808"},{"taxonomy":"post_tag","embeddable":true,"href":"https:\/\/estado29.mx\/index.php?rest_route=%2Fwp%2Fv2%2Ftags&post=92808"}],"curies":[{"name":"wp","href":"https:\/\/api.w.org\/{rel}","templated":true}]}}