{"id":92836,"date":"2025-01-29T02:17:00","date_gmt":"2025-01-29T02:17:00","guid":{"rendered":"https:\/\/estado29.mx\/?p=92836"},"modified":"2025-01-29T03:04:10","modified_gmt":"2025-01-29T03:04:10","slug":"atiende-proteccion-civil-de-tequexquitla-a-masculinos-involucrados-en-accidente-en-tequexquitla","status":"publish","type":"post","link":"https:\/\/estado29.mx\/?p=92836","title":{"rendered":"Atiende Protecci\u00f3n Civil de Tequexquitla a masculinos involucrados en accidente en Tequexquitla."},"content":{"rendered":"\n<p><br>Este martes 28 de enero del a\u00f1o en curso, se registr\u00f3 en el municipio de El Carmen Tequexquitla, la volcadura de una camioneta de tres toneladas que transportaba cubetas de aceite para automotores, donde una m\u00e1s qued\u00f3 involucrada.<\/p>\n\n\n\n<figure class=\"wp-block-image size-large\"><img loading=\"lazy\" decoding=\"async\" width=\"1024\" height=\"768\" src=\"https:\/\/estado29.mx\/wp-content\/uploads\/2025\/01\/IMG-20250128-WA0013-1024x768.jpg\" alt=\"\" class=\"wp-image-92838\" srcset=\"https:\/\/estado29.mx\/wp-content\/uploads\/2025\/01\/IMG-20250128-WA0013-1024x768.jpg 1024w, https:\/\/estado29.mx\/wp-content\/uploads\/2025\/01\/IMG-20250128-WA0013-300x225.jpg 300w, https:\/\/estado29.mx\/wp-content\/uploads\/2025\/01\/IMG-20250128-WA0013-768x576.jpg 768w, https:\/\/estado29.mx\/wp-content\/uploads\/2025\/01\/IMG-20250128-WA0013-1536x1152.jpg 1536w, https:\/\/estado29.mx\/wp-content\/uploads\/2025\/01\/IMG-20250128-WA0013-750x563.jpg 750w, https:\/\/estado29.mx\/wp-content\/uploads\/2025\/01\/IMG-20250128-WA0013-1140x855.jpg 1140w, https:\/\/estado29.mx\/wp-content\/uploads\/2025\/01\/IMG-20250128-WA0013.jpg 1600w\" sizes=\"auto, (max-width: 1024px) 100vw, 1024px\" \/><\/figure>\n\n\n\n<p><br>Este suceso se registr\u00f3 alrededor de las seis de la tarde con cuatro minutos, a la altura del R\u00edo Totolcingo de esta localidad.<\/p>\n\n\n\n<p>Al lugar de los hechos, acudieron elementos de Protecci\u00f3n Civil y Polic\u00eda Municipal, as\u00ed como elementos de Guardia Nacional, confirmando que se hab\u00eda registrado la volcadura de una camioneta 3 toneladas que transportaba cubetas de aceite para automotores, donde tambi\u00e9n fue involucrada una camioneta tipo Windstar, de la marca Ford.<\/p>\n\n\n\n<figure class=\"wp-block-image size-large\"><img loading=\"lazy\" decoding=\"async\" width=\"768\" height=\"1024\" src=\"https:\/\/estado29.mx\/wp-content\/uploads\/2025\/01\/IMG-20250128-WA0017-768x1024.jpg\" alt=\"\" class=\"wp-image-92840\" srcset=\"https:\/\/estado29.mx\/wp-content\/uploads\/2025\/01\/IMG-20250128-WA0017-768x1024.jpg 768w, https:\/\/estado29.mx\/wp-content\/uploads\/2025\/01\/IMG-20250128-WA0017-225x300.jpg 225w, https:\/\/estado29.mx\/wp-content\/uploads\/2025\/01\/IMG-20250128-WA0017-1152x1536.jpg 1152w, https:\/\/estado29.mx\/wp-content\/uploads\/2025\/01\/IMG-20250128-WA0017-750x1000.jpg 750w, https:\/\/estado29.mx\/wp-content\/uploads\/2025\/01\/IMG-20250128-WA0017-1140x1520.jpg 1140w, https:\/\/estado29.mx\/wp-content\/uploads\/2025\/01\/IMG-20250128-WA0017.jpg 1200w\" sizes=\"auto, (max-width: 768px) 100vw, 768px\" \/><\/figure>\n\n\n\n<p><br>Elementos de Protecci\u00f3n Civil de Tequexquitla, brindaron atenci\u00f3n de primeros auxilios a 2 masculinos, trasladando a uno de \u00e9stos, al Hospital Comunitario de este lugar, en la ambulancia de Protecci\u00f3n Civil Tequexquitla y el otro qued\u00f3 a cargo de Polic\u00eda Municipal y Guardia Nacional para deslindar responsabilidades.<\/p>\n\n\n<figure class=\"wp-block-post-featured-image\"><img loading=\"lazy\" decoding=\"async\" width=\"1600\" height=\"1200\" src=\"https:\/\/estado29.mx\/wp-content\/uploads\/2025\/01\/IMG-20250128-WA0015.jpg\" class=\"attachment-post-thumbnail size-post-thumbnail wp-post-image\" alt=\"\" style=\"object-fit:cover;\" srcset=\"https:\/\/estado29.mx\/wp-content\/uploads\/2025\/01\/IMG-20250128-WA0015.jpg 1600w, https:\/\/estado29.mx\/wp-content\/uploads\/2025\/01\/IMG-20250128-WA0015-300x225.jpg 300w, https:\/\/estado29.mx\/wp-content\/uploads\/2025\/01\/IMG-20250128-WA0015-1024x768.jpg 1024w, https:\/\/estado29.mx\/wp-content\/uploads\/2025\/01\/IMG-20250128-WA0015-768x576.jpg 768w, https:\/\/estado29.mx\/wp-content\/uploads\/2025\/01\/IMG-20250128-WA0015-1536x1152.jpg 1536w, https:\/\/estado29.mx\/wp-content\/uploads\/2025\/01\/IMG-20250128-WA0015-750x563.jpg 750w, https:\/\/estado29.mx\/wp-content\/uploads\/2025\/01\/IMG-20250128-WA0015-1140x855.jpg 1140w\" sizes=\"auto, (max-width: 1600px) 100vw, 1600px\" \/><\/figure>","protected":false},"excerpt":{"rendered":"<p>Este martes 28 de enero del a\u00f1o en curso, se registr\u00f3 en el municipio de El Carmen Tequexquitla, la volcadura de una camioneta de tres toneladas que transportaba cubetas de aceite para automotores, donde una m\u00e1s qued\u00f3 involucrada. Este suceso se registr\u00f3 alrededor de las seis de la tarde con cuatro minutos, a la altura [&hellip;]<\/p>\n","protected":false},"author":7,"featured_media":92837,"comment_status":"open","ping_status":"open","sticky":false,"template":"","format":"standard","meta":{"om_disable_all_campaigns":false,"_monsterinsights_skip_tracking":false,"_monsterinsights_sitenote_active":false,"_monsterinsights_sitenote_note":"","_monsterinsights_sitenote_category":0,"jnews-multi-image_gallery":[],"jnews_single_post":{"format":"standard"},"jnews_primary_category":[],"footnotes":""},"categories":[1],"tags":[],"class_list":["post-92836","post","type-post","status-publish","format-standard","has-post-thumbnail","hentry","category-uncategorized"],"aioseo_notices":[],"_links":{"self":[{"href":"https:\/\/estado29.mx\/index.php?rest_route=\/wp\/v2\/posts\/92836","targetHints":{"allow":["GET"]}}],"collection":[{"href":"https:\/\/estado29.mx\/index.php?rest_route=\/wp\/v2\/posts"}],"about":[{"href":"https:\/\/estado29.mx\/index.php?rest_route=\/wp\/v2\/types\/post"}],"author":[{"embeddable":true,"href":"https:\/\/estado29.mx\/index.php?rest_route=\/wp\/v2\/users\/7"}],"replies":[{"embeddable":true,"href":"https:\/\/estado29.mx\/index.php?rest_route=%2Fwp%2Fv2%2Fcomments&post=92836"}],"version-history":[{"count":5,"href":"https:\/\/estado29.mx\/index.php?rest_route=\/wp\/v2\/posts\/92836\/revisions"}],"predecessor-version":[{"id":92857,"href":"https:\/\/estado29.mx\/index.php?rest_route=\/wp\/v2\/posts\/92836\/revisions\/92857"}],"wp:featuredmedia":[{"embeddable":true,"href":"https:\/\/estado29.mx\/index.php?rest_route=\/wp\/v2\/media\/92837"}],"wp:attachment":[{"href":"https:\/\/estado29.mx\/index.php?rest_route=%2Fwp%2Fv2%2Fmedia&parent=92836"}],"wp:term":[{"taxonomy":"category","embeddable":true,"href":"https:\/\/estado29.mx\/index.php?rest_route=%2Fwp%2Fv2%2Fcategories&post=92836"},{"taxonomy":"post_tag","embeddable":true,"href":"https:\/\/estado29.mx\/index.php?rest_route=%2Fwp%2Fv2%2Ftags&post=92836"}],"curies":[{"name":"wp","href":"https:\/\/api.w.org\/{rel}","templated":true}]}}