{"id":92858,"date":"2025-01-29T03:57:15","date_gmt":"2025-01-29T03:57:15","guid":{"rendered":"https:\/\/estado29.mx\/?p=92858"},"modified":"2025-01-29T03:57:16","modified_gmt":"2025-01-29T03:57:16","slug":"firma-convenio-consejo-municipal-de-desarrollo-sustentable-en-tequexquitla-con-la-direccion-de-desarrollo-rural","status":"publish","type":"post","link":"https:\/\/estado29.mx\/?p=92858","title":{"rendered":"Firma Convenio Consejo Municipal de Desarrollo Sustentable en Tequexquitla con la Direcci\u00f3n de Desarrollo Rural."},"content":{"rendered":"\n<p><br>Este martes 28 de enero del a\u00f1o en curso, la Presidenta Municipal de El Carmen Tequexquitla, Mar\u00eda Araceli Mart\u00ednez Cort\u00e9s, llev\u00f3 a cabo la Firma de Convenio con la Direcci\u00f3n de Desarrollo Rural 165 de Huamantla, para trabajar juntos en el desarrollo sustentable del municipio,el cual tuvo lugar, en las instalaciones del Auditorio Municipal Benito Ju\u00e1rez, de esta localidad.<\/p>\n\n\n\n<figure class=\"wp-block-image size-full\"><img loading=\"lazy\" decoding=\"async\" width=\"720\" height=\"480\" src=\"https:\/\/estado29.mx\/wp-content\/uploads\/2025\/01\/FB_IMG_1738122734672.jpg\" alt=\"\" class=\"wp-image-92861\" srcset=\"https:\/\/estado29.mx\/wp-content\/uploads\/2025\/01\/FB_IMG_1738122734672.jpg 720w, https:\/\/estado29.mx\/wp-content\/uploads\/2025\/01\/FB_IMG_1738122734672-300x200.jpg 300w\" sizes=\"auto, (max-width: 720px) 100vw, 720px\" \/><\/figure>\n\n\n\n<p><br>Este convenio tiene como objetivo coordinar y fomentar las actividades agr\u00edcolas y ganaderas de las comunidades rurales, impulsar programas estatales y federales que fomenten el desarrollo rural y fungir como enlace con las dependencias estatales y federales para la obtenci\u00f3n de apoyos t\u00e9cnicos y crediticios para el campo.<\/p>\n\n\n\n<p><br>La Presidenta Municipal Mar\u00eda Araceli Mart\u00ednez Cort\u00e9s en su mensaje, destac\u00f3 los beneficios que traer\u00e1 para Tequexquitla, esta firma de convenio.<\/p>\n\n\n\n<p><br>Por su parte Iv\u00e1n Santill\u00e1n Meneses, Representante de la Direcci\u00f3n de Desarrollo Rural, en su intervenci\u00f3n, refrend\u00f3 el compromiso de la Secretar\u00eda de Impulso Agropecuario, en impulsar y crear estrategias de apoyo al sector agropecuario.<\/p>\n\n\n\n<figure class=\"wp-block-image size-full\"><img loading=\"lazy\" decoding=\"async\" width=\"720\" height=\"480\" src=\"https:\/\/estado29.mx\/wp-content\/uploads\/2025\/01\/FB_IMG_1738122729999.jpg\" alt=\"\" class=\"wp-image-92860\" srcset=\"https:\/\/estado29.mx\/wp-content\/uploads\/2025\/01\/FB_IMG_1738122729999.jpg 720w, https:\/\/estado29.mx\/wp-content\/uploads\/2025\/01\/FB_IMG_1738122729999-300x200.jpg 300w\" sizes=\"auto, (max-width: 720px) 100vw, 720px\" \/><\/figure>\n\n\n\n<p><br>Sumado a la firma de convenio de colaboraci\u00f3n, se presentaron algunos programas de la Secretar\u00eda de Impulso Agropecuario como:<\/p>\n\n\n\n<p><br>Reforestaci\u00f3n con un subsidio de hasta un 75%.<\/p>\n\n\n\n<p><br>Programa de mejoramiento gen\u00e9tico con un subsidio para hombres y mujeres que va desde un 60% hasta un 100%.<\/p>\n\n\n\n<p><br>Programa de apoyo a la ganader\u00eda de peque\u00f1os rumiantes con un subsidio para hombres y mujeres que va desde un 50% hasta un 100%.<\/p>\n\n\n\n<p><br>Programa de impulso a la seguridad alimentaria y econom\u00eda local con un apoyo desde un 70% a un 80% a grupos vulnerables.<\/p>\n\n\n\n<p><br>Programa de impulso a mujeres y j\u00f3venes agroempresarios 2025, con un subsidio de hasta $120,000.<\/p>\n\n\n<figure class=\"wp-block-post-featured-image\"><img loading=\"lazy\" decoding=\"async\" width=\"720\" height=\"480\" src=\"https:\/\/estado29.mx\/wp-content\/uploads\/2025\/01\/FB_IMG_1738122713791.jpg\" class=\"attachment-post-thumbnail size-post-thumbnail wp-post-image\" alt=\"\" style=\"object-fit:cover;\" srcset=\"https:\/\/estado29.mx\/wp-content\/uploads\/2025\/01\/FB_IMG_1738122713791.jpg 720w, https:\/\/estado29.mx\/wp-content\/uploads\/2025\/01\/FB_IMG_1738122713791-300x200.jpg 300w\" sizes=\"auto, (max-width: 720px) 100vw, 720px\" \/><\/figure>","protected":false},"excerpt":{"rendered":"<p>Este martes 28 de enero del a\u00f1o en curso, la Presidenta Municipal de El Carmen Tequexquitla, Mar\u00eda Araceli Mart\u00ednez Cort\u00e9s, llev\u00f3 a cabo la Firma de Convenio con la Direcci\u00f3n de Desarrollo Rural 165 de Huamantla, para trabajar juntos en el desarrollo sustentable del municipio,el cual tuvo lugar, en las instalaciones del Auditorio Municipal Benito [&hellip;]<\/p>\n","protected":false},"author":7,"featured_media":92859,"comment_status":"open","ping_status":"open","sticky":false,"template":"","format":"standard","meta":{"om_disable_all_campaigns":false,"_monsterinsights_skip_tracking":false,"_monsterinsights_sitenote_active":false,"_monsterinsights_sitenote_note":"","_monsterinsights_sitenote_category":0,"jnews-multi-image_gallery":[],"jnews_single_post":{"format":"standard"},"jnews_primary_category":[],"footnotes":""},"categories":[1],"tags":[],"class_list":["post-92858","post","type-post","status-publish","format-standard","has-post-thumbnail","hentry","category-uncategorized"],"aioseo_notices":[],"_links":{"self":[{"href":"https:\/\/estado29.mx\/index.php?rest_route=\/wp\/v2\/posts\/92858","targetHints":{"allow":["GET"]}}],"collection":[{"href":"https:\/\/estado29.mx\/index.php?rest_route=\/wp\/v2\/posts"}],"about":[{"href":"https:\/\/estado29.mx\/index.php?rest_route=\/wp\/v2\/types\/post"}],"author":[{"embeddable":true,"href":"https:\/\/estado29.mx\/index.php?rest_route=\/wp\/v2\/users\/7"}],"replies":[{"embeddable":true,"href":"https:\/\/estado29.mx\/index.php?rest_route=%2Fwp%2Fv2%2Fcomments&post=92858"}],"version-history":[{"count":1,"href":"https:\/\/estado29.mx\/index.php?rest_route=\/wp\/v2\/posts\/92858\/revisions"}],"predecessor-version":[{"id":92862,"href":"https:\/\/estado29.mx\/index.php?rest_route=\/wp\/v2\/posts\/92858\/revisions\/92862"}],"wp:featuredmedia":[{"embeddable":true,"href":"https:\/\/estado29.mx\/index.php?rest_route=\/wp\/v2\/media\/92859"}],"wp:attachment":[{"href":"https:\/\/estado29.mx\/index.php?rest_route=%2Fwp%2Fv2%2Fmedia&parent=92858"}],"wp:term":[{"taxonomy":"category","embeddable":true,"href":"https:\/\/estado29.mx\/index.php?rest_route=%2Fwp%2Fv2%2Fcategories&post=92858"},{"taxonomy":"post_tag","embeddable":true,"href":"https:\/\/estado29.mx\/index.php?rest_route=%2Fwp%2Fv2%2Ftags&post=92858"}],"curies":[{"name":"wp","href":"https:\/\/api.w.org\/{rel}","templated":true}]}}