{"id":92863,"date":"2025-01-29T04:00:52","date_gmt":"2025-01-29T04:00:52","guid":{"rendered":"https:\/\/estado29.mx\/?p=92863"},"modified":"2025-01-29T19:56:13","modified_gmt":"2025-01-29T19:56:13","slug":"inauguran-autoridades-de-tequexquitla-techumbre-de-usos-multiples-en-colonia-la-soledad","status":"publish","type":"post","link":"https:\/\/estado29.mx\/?p=92863","title":{"rendered":"Inauguran autoridades de Tequexquitla Techumbre de Usos M\u00faltiples en Colonia La Soledad."},"content":{"rendered":"\n<p><br>Este martes 28 de enero, autoridades del municipio de El Carmen Tequexquitla llevaron a cabo la inauguraci\u00f3n de una Techumbre de Usos M\u00faltiples en la Comunidad La Soledad.<\/p>\n\n\n\n<figure class=\"wp-block-image size-full\"><img loading=\"lazy\" decoding=\"async\" width=\"720\" height=\"540\" src=\"https:\/\/estado29.mx\/wp-content\/uploads\/2025\/01\/FB_IMG_1738117611784.jpg\" alt=\"\" class=\"wp-image-92865\" srcset=\"https:\/\/estado29.mx\/wp-content\/uploads\/2025\/01\/FB_IMG_1738117611784.jpg 720w, https:\/\/estado29.mx\/wp-content\/uploads\/2025\/01\/FB_IMG_1738117611784-300x225.jpg 300w\" sizes=\"auto, (max-width: 720px) 100vw, 720px\" \/><\/figure>\n\n\n\n<p><br>La presidenta municipal de El Carmen Tequexquitla, Mar\u00eda Araceli Mart\u00ednez Cort\u00e9s, en su mensaje destac\u00f3 que con estas acciones, refrenda su compromiso de seguir trabajando en beneficio de los habitantes de Tequexquitla.<\/p>\n\n\n\n<p>Esta obra beneficiar\u00e1 a la comunidad con: 234 metros cuadrados de techumbre con l\u00e1mina pintro y 36 metros cuadrados m\u00e1s con l\u00e1mina acr\u00edlica, 9 luminarias LED para iluminaci\u00f3n segura y eficiente, sanitarios para hombres y mujeres con instalaciones el\u00e9ctricas, hidr\u00e1ulicas y sanitarias de alta calidad.<\/p>\n\n\n\n<figure class=\"wp-block-image size-full\"><img loading=\"lazy\" decoding=\"async\" width=\"720\" height=\"540\" src=\"https:\/\/estado29.mx\/wp-content\/uploads\/2025\/01\/FB_IMG_1738117617072.jpg\" alt=\"\" class=\"wp-image-92866\" srcset=\"https:\/\/estado29.mx\/wp-content\/uploads\/2025\/01\/FB_IMG_1738117617072.jpg 720w, https:\/\/estado29.mx\/wp-content\/uploads\/2025\/01\/FB_IMG_1738117617072-300x225.jpg 300w\" sizes=\"auto, (max-width: 720px) 100vw, 720px\" \/><\/figure>\n\n\n\n<p><br>La alcaldesa asegur\u00f3 que es este ser\u00e1 un espacio seguro, c\u00f3modo y funcional para la comunidad, ideal para realizar diversas actividades y eventos.<\/p>\n\n\n\n<p><br>Para finalizar, la edil refrend\u00f3 su compromiso con el desarrollo y bienestar de los habitantes de La Soledad y se procedi\u00f3 al corte de list\u00f3n inaugural.<\/p>\n\n\n<figure class=\"wp-block-post-featured-image\"><img loading=\"lazy\" decoding=\"async\" width=\"720\" height=\"593\" src=\"https:\/\/estado29.mx\/wp-content\/uploads\/2025\/01\/FB_IMG_1738117588275.jpg\" class=\"attachment-post-thumbnail size-post-thumbnail wp-post-image\" alt=\"\" style=\"object-fit:cover;\" srcset=\"https:\/\/estado29.mx\/wp-content\/uploads\/2025\/01\/FB_IMG_1738117588275.jpg 720w, https:\/\/estado29.mx\/wp-content\/uploads\/2025\/01\/FB_IMG_1738117588275-300x247.jpg 300w\" sizes=\"auto, (max-width: 720px) 100vw, 720px\" \/><\/figure>","protected":false},"excerpt":{"rendered":"<p>Este martes 28 de enero, autoridades del municipio de El Carmen Tequexquitla llevaron a cabo la inauguraci\u00f3n de una Techumbre de Usos M\u00faltiples en la Comunidad La Soledad. La presidenta municipal de El Carmen Tequexquitla, Mar\u00eda Araceli Mart\u00ednez Cort\u00e9s, en su mensaje destac\u00f3 que con estas acciones, refrenda su compromiso de seguir trabajando en beneficio [&hellip;]<\/p>\n","protected":false},"author":7,"featured_media":92864,"comment_status":"open","ping_status":"open","sticky":false,"template":"","format":"standard","meta":{"om_disable_all_campaigns":false,"_monsterinsights_skip_tracking":false,"_monsterinsights_sitenote_active":false,"_monsterinsights_sitenote_note":"","_monsterinsights_sitenote_category":0,"jnews-multi-image_gallery":[],"jnews_single_post":{"format":"standard"},"jnews_primary_category":[],"footnotes":""},"categories":[1],"tags":[],"class_list":["post-92863","post","type-post","status-publish","format-standard","has-post-thumbnail","hentry","category-uncategorized"],"aioseo_notices":[],"_links":{"self":[{"href":"https:\/\/estado29.mx\/index.php?rest_route=\/wp\/v2\/posts\/92863","targetHints":{"allow":["GET"]}}],"collection":[{"href":"https:\/\/estado29.mx\/index.php?rest_route=\/wp\/v2\/posts"}],"about":[{"href":"https:\/\/estado29.mx\/index.php?rest_route=\/wp\/v2\/types\/post"}],"author":[{"embeddable":true,"href":"https:\/\/estado29.mx\/index.php?rest_route=\/wp\/v2\/users\/7"}],"replies":[{"embeddable":true,"href":"https:\/\/estado29.mx\/index.php?rest_route=%2Fwp%2Fv2%2Fcomments&post=92863"}],"version-history":[{"count":2,"href":"https:\/\/estado29.mx\/index.php?rest_route=\/wp\/v2\/posts\/92863\/revisions"}],"predecessor-version":[{"id":92882,"href":"https:\/\/estado29.mx\/index.php?rest_route=\/wp\/v2\/posts\/92863\/revisions\/92882"}],"wp:featuredmedia":[{"embeddable":true,"href":"https:\/\/estado29.mx\/index.php?rest_route=\/wp\/v2\/media\/92864"}],"wp:attachment":[{"href":"https:\/\/estado29.mx\/index.php?rest_route=%2Fwp%2Fv2%2Fmedia&parent=92863"}],"wp:term":[{"taxonomy":"category","embeddable":true,"href":"https:\/\/estado29.mx\/index.php?rest_route=%2Fwp%2Fv2%2Fcategories&post=92863"},{"taxonomy":"post_tag","embeddable":true,"href":"https:\/\/estado29.mx\/index.php?rest_route=%2Fwp%2Fv2%2Ftags&post=92863"}],"curies":[{"name":"wp","href":"https:\/\/api.w.org\/{rel}","templated":true}]}}