{"id":92888,"date":"2025-01-30T04:07:40","date_gmt":"2025-01-30T04:07:40","guid":{"rendered":"https:\/\/estado29.mx\/?p=92888"},"modified":"2025-01-30T04:07:41","modified_gmt":"2025-01-30T04:07:41","slug":"en-menos-de-24-horas-roban-dos-vehiculos-de-carga-en-cuapiaxtla","status":"publish","type":"post","link":"https:\/\/estado29.mx\/?p=92888","title":{"rendered":"En menos de 24 horas roban dos veh\u00edculos de carga en Cuapiaxtla."},"content":{"rendered":"\n<p>Paco Ugarte.<\/p>\n\n\n\n<p>Durante las \u00faltimas 24 horas se han registrado el robo de dos unidades de carga pesada en el municipio de Cuapiaxtla.<\/p>\n\n\n\n<p>A trav\u00e9s del n\u00famero de emergencias 911, se da conocimiento del robo de una unidad de transporte de carga Kenworth color blanco con placas de circulaci\u00f3n 51AM8C as\u00ed como un remolque margo color verde con naranja con placas de circulaci\u00f3n 19UD8E, ambos de la empresa MACSA.<\/p>\n\n\n\n<p>Los hechos se registraron sobre la carretera M\u00e9xico &#8211; Veracruz a la altura de la comunidad de San Francisco Cuexcontzi, cuando se dej\u00f3 de tener contacto con el conductor de nombre Yahir N.<\/p>\n\n\n\n<p>Un hecho m\u00e1s se registr\u00f3 esta tarde al ser reportado el robo de otra unidad de carga con placas de circulaci\u00f3n 51UE5L SPF y un porta contenedor de la misma marca con placas 71UF9D SP, ambos en cielo gris oscuro, en tanto un segundo no se supo dar referencia, los tres de la empresa Autoexpress Frontera Norte S.A DE C.V.<\/p>\n\n\n\n<p>A las autoridades se les notific\u00f3 sobre este segundo incidente pasadas las 4:00 de la tarde, sobre la autopista Perote &#8211; Amozoc pasando la caseta de cobro en Cuapiaxtla, por lo que los servicios de emergencia se movilizaron.<\/p>\n\n\n\n<p>Ante una b\u00fasqueda elementos de la Guardia Nacional lograron la recuperaci\u00f3n del tractocami\u00f3n sin embargo dos remolques que transportaba, a\u00fan contin\u00faan desparecidos.<\/p>\n","protected":false},"excerpt":{"rendered":"<p>Paco Ugarte. Durante las \u00faltimas 24 horas se han registrado el robo de dos unidades de carga pesada en el municipio de Cuapiaxtla. A trav\u00e9s del n\u00famero de emergencias 911, se da conocimiento del robo de una unidad de transporte de carga Kenworth color blanco con placas de circulaci\u00f3n 51AM8C as\u00ed como un remolque margo [&hellip;]<\/p>\n","protected":false},"author":5,"featured_media":92889,"comment_status":"open","ping_status":"open","sticky":false,"template":"","format":"standard","meta":{"om_disable_all_campaigns":false,"_monsterinsights_skip_tracking":false,"_monsterinsights_sitenote_active":false,"_monsterinsights_sitenote_note":"","_monsterinsights_sitenote_category":0,"jnews-multi-image_gallery":[],"jnews_single_post":{"format":"standard"},"jnews_primary_category":[],"footnotes":""},"categories":[1],"tags":[],"class_list":["post-92888","post","type-post","status-publish","format-standard","has-post-thumbnail","hentry","category-uncategorized"],"aioseo_notices":[],"_links":{"self":[{"href":"https:\/\/estado29.mx\/index.php?rest_route=\/wp\/v2\/posts\/92888","targetHints":{"allow":["GET"]}}],"collection":[{"href":"https:\/\/estado29.mx\/index.php?rest_route=\/wp\/v2\/posts"}],"about":[{"href":"https:\/\/estado29.mx\/index.php?rest_route=\/wp\/v2\/types\/post"}],"author":[{"embeddable":true,"href":"https:\/\/estado29.mx\/index.php?rest_route=\/wp\/v2\/users\/5"}],"replies":[{"embeddable":true,"href":"https:\/\/estado29.mx\/index.php?rest_route=%2Fwp%2Fv2%2Fcomments&post=92888"}],"version-history":[{"count":1,"href":"https:\/\/estado29.mx\/index.php?rest_route=\/wp\/v2\/posts\/92888\/revisions"}],"predecessor-version":[{"id":92890,"href":"https:\/\/estado29.mx\/index.php?rest_route=\/wp\/v2\/posts\/92888\/revisions\/92890"}],"wp:featuredmedia":[{"embeddable":true,"href":"https:\/\/estado29.mx\/index.php?rest_route=\/wp\/v2\/media\/92889"}],"wp:attachment":[{"href":"https:\/\/estado29.mx\/index.php?rest_route=%2Fwp%2Fv2%2Fmedia&parent=92888"}],"wp:term":[{"taxonomy":"category","embeddable":true,"href":"https:\/\/estado29.mx\/index.php?rest_route=%2Fwp%2Fv2%2Fcategories&post=92888"},{"taxonomy":"post_tag","embeddable":true,"href":"https:\/\/estado29.mx\/index.php?rest_route=%2Fwp%2Fv2%2Ftags&post=92888"}],"curies":[{"name":"wp","href":"https:\/\/api.w.org\/{rel}","templated":true}]}}