{"id":92918,"date":"2025-01-30T19:39:02","date_gmt":"2025-01-30T19:39:02","guid":{"rendered":"https:\/\/estado29.mx\/?p=92918"},"modified":"2025-01-30T19:39:03","modified_gmt":"2025-01-30T19:39:03","slug":"llevan-a-cabo-en-ixtenco-segunda-sesion-ordinaria-del-consejo-municipal-de-seguridad-publica","status":"publish","type":"post","link":"https:\/\/estado29.mx\/?p=92918","title":{"rendered":"Llevan a cabo en Ixtenco Segunda Sesi\u00f3n Ordinaria del Consejo Municipal de Seguridad P\u00fablica."},"content":{"rendered":"\n<p><br>Este mi\u00e9rcoles 29 de enero, se llev\u00f3 a cabo en el Municipio de Ixtenco, la Segunda Sesi\u00f3n Ordinaria del Consejo Municipal de Seguridad P\u00fablica.<\/p>\n\n\n\n<p><br>Esta reuni\u00f3n estuvo encabezada por la Presidenta de esa localidad, Miriam Aline Lazo Caballero, en colaboraci\u00f3n con personal del Centro Estatal de Prevenci\u00f3n Social (CEPS), Polic\u00eda Estatal y Guardia Nacional.<\/p>\n\n\n\n<figure class=\"wp-block-image size-large\"><img loading=\"lazy\" decoding=\"async\" width=\"1024\" height=\"682\" src=\"https:\/\/estado29.mx\/wp-content\/uploads\/2025\/01\/IMG-20250129-WA0049-1024x682.jpg\" alt=\"\" class=\"wp-image-92920\" srcset=\"https:\/\/estado29.mx\/wp-content\/uploads\/2025\/01\/IMG-20250129-WA0049-1024x682.jpg 1024w, https:\/\/estado29.mx\/wp-content\/uploads\/2025\/01\/IMG-20250129-WA0049-300x200.jpg 300w, https:\/\/estado29.mx\/wp-content\/uploads\/2025\/01\/IMG-20250129-WA0049-768x512.jpg 768w, https:\/\/estado29.mx\/wp-content\/uploads\/2025\/01\/IMG-20250129-WA0049-750x500.jpg 750w, https:\/\/estado29.mx\/wp-content\/uploads\/2025\/01\/IMG-20250129-WA0049-1140x760.jpg 1140w, https:\/\/estado29.mx\/wp-content\/uploads\/2025\/01\/IMG-20250129-WA0049.jpg 1280w\" sizes=\"auto, (max-width: 1024px) 100vw, 1024px\" \/><\/figure>\n\n\n\n<p><br>Durante la sesi\u00f3n, se analizaron estrategias implementadas en materia de seguridad, se revisaron los avances en la prevenci\u00f3n del delito y se acordaron nuevas acciones, para fortalecer la tranquilidad de la comunidad.<\/p>\n\n\n\n<p><br>Asimismo, se destac\u00f3 la importancia de la coordinaci\u00f3n interinstitucional para garantizar la eficacia en la respuesta a incidentes y mejorar la seguridad ciudadana.<\/p>\n\n\n<figure class=\"wp-block-post-featured-image\"><img loading=\"lazy\" decoding=\"async\" width=\"1280\" height=\"853\" src=\"https:\/\/estado29.mx\/wp-content\/uploads\/2025\/01\/IMG-20250129-WA0047.jpg\" class=\"attachment-post-thumbnail size-post-thumbnail wp-post-image\" alt=\"\" style=\"object-fit:cover;\" srcset=\"https:\/\/estado29.mx\/wp-content\/uploads\/2025\/01\/IMG-20250129-WA0047.jpg 1280w, https:\/\/estado29.mx\/wp-content\/uploads\/2025\/01\/IMG-20250129-WA0047-300x200.jpg 300w, https:\/\/estado29.mx\/wp-content\/uploads\/2025\/01\/IMG-20250129-WA0047-1024x682.jpg 1024w, https:\/\/estado29.mx\/wp-content\/uploads\/2025\/01\/IMG-20250129-WA0047-768x512.jpg 768w, https:\/\/estado29.mx\/wp-content\/uploads\/2025\/01\/IMG-20250129-WA0047-750x500.jpg 750w, https:\/\/estado29.mx\/wp-content\/uploads\/2025\/01\/IMG-20250129-WA0047-1140x760.jpg 1140w\" sizes=\"auto, (max-width: 1280px) 100vw, 1280px\" \/><\/figure>\n\n\n<p>Dentro de esta reuni\u00f3n, la alcaldesa, Aline Lazo Caballero reafirm\u00f3 su compromiso con el bienestar de la poblaci\u00f3n y resalt\u00f3 la labor conjunta de las fuerzas de seguridad en la construcci\u00f3n de un Ixtenco m\u00e1s seguro, por lo que asegur\u00f3, que el gobierno municipal continuar\u00e1 impulsando acciones para fortalecer la seguridad p\u00fablica y promover la participaci\u00f3n ciudadana en la prevenci\u00f3n del delito.<\/p>\n","protected":false},"excerpt":{"rendered":"<p>Este mi\u00e9rcoles 29 de enero, se llev\u00f3 a cabo en el Municipio de Ixtenco, la Segunda Sesi\u00f3n Ordinaria del Consejo Municipal de Seguridad P\u00fablica. Esta reuni\u00f3n estuvo encabezada por la Presidenta de esa localidad, Miriam Aline Lazo Caballero, en colaboraci\u00f3n con personal del Centro Estatal de Prevenci\u00f3n Social (CEPS), Polic\u00eda Estatal y Guardia Nacional. Durante [&hellip;]<\/p>\n","protected":false},"author":7,"featured_media":92919,"comment_status":"open","ping_status":"open","sticky":false,"template":"","format":"standard","meta":{"om_disable_all_campaigns":false,"_monsterinsights_skip_tracking":false,"_monsterinsights_sitenote_active":false,"_monsterinsights_sitenote_note":"","_monsterinsights_sitenote_category":0,"jnews-multi-image_gallery":[],"jnews_single_post":{"format":"standard"},"jnews_primary_category":[],"footnotes":""},"categories":[1],"tags":[],"class_list":["post-92918","post","type-post","status-publish","format-standard","has-post-thumbnail","hentry","category-uncategorized"],"aioseo_notices":[],"_links":{"self":[{"href":"https:\/\/estado29.mx\/index.php?rest_route=\/wp\/v2\/posts\/92918","targetHints":{"allow":["GET"]}}],"collection":[{"href":"https:\/\/estado29.mx\/index.php?rest_route=\/wp\/v2\/posts"}],"about":[{"href":"https:\/\/estado29.mx\/index.php?rest_route=\/wp\/v2\/types\/post"}],"author":[{"embeddable":true,"href":"https:\/\/estado29.mx\/index.php?rest_route=\/wp\/v2\/users\/7"}],"replies":[{"embeddable":true,"href":"https:\/\/estado29.mx\/index.php?rest_route=%2Fwp%2Fv2%2Fcomments&post=92918"}],"version-history":[{"count":1,"href":"https:\/\/estado29.mx\/index.php?rest_route=\/wp\/v2\/posts\/92918\/revisions"}],"predecessor-version":[{"id":92921,"href":"https:\/\/estado29.mx\/index.php?rest_route=\/wp\/v2\/posts\/92918\/revisions\/92921"}],"wp:featuredmedia":[{"embeddable":true,"href":"https:\/\/estado29.mx\/index.php?rest_route=\/wp\/v2\/media\/92919"}],"wp:attachment":[{"href":"https:\/\/estado29.mx\/index.php?rest_route=%2Fwp%2Fv2%2Fmedia&parent=92918"}],"wp:term":[{"taxonomy":"category","embeddable":true,"href":"https:\/\/estado29.mx\/index.php?rest_route=%2Fwp%2Fv2%2Fcategories&post=92918"},{"taxonomy":"post_tag","embeddable":true,"href":"https:\/\/estado29.mx\/index.php?rest_route=%2Fwp%2Fv2%2Ftags&post=92918"}],"curies":[{"name":"wp","href":"https:\/\/api.w.org\/{rel}","templated":true}]}}