{"id":92931,"date":"2025-01-31T03:44:13","date_gmt":"2025-01-31T03:44:13","guid":{"rendered":"https:\/\/estado29.mx\/?p=92931"},"modified":"2025-01-31T03:44:15","modified_gmt":"2025-01-31T03:44:15","slug":"impacta-vehiculo-por-la-parte-trasera-de-trailer-en-huamantla","status":"publish","type":"post","link":"https:\/\/estado29.mx\/?p=92931","title":{"rendered":"Impacta veh\u00edculo por la parte trasera de tr\u00e1iler en Huamantla."},"content":{"rendered":"\n<p>Paco Ugarte.<\/p>\n\n\n\n<p>La tarde de este jueves 30 de enero, elementos de seguridad y emergencia se movilizaron hasta el libramiento oriente de la ciudad de Huamantla, sobre la carretera M\u00e9xico &#8211; Veracruz a la altura de la gasolinera Mobil.<\/p>\n\n\n\n<p>Ah\u00ed, se report\u00f3 un choque por alcance entre dos unidades, se trata de un veh\u00edculo compacto Spark color negro con matr\u00edculas XWK-779-D del estado de Tlaxcala el cual impact\u00f3 contra una unidad pesada por la parte trasera del Servicio P\u00fablico Federal.<\/p>\n\n\n\n<p>Aunque las autoridades contin\u00faan determinando la cronolog\u00eda de los hechos, el conductor del veh\u00edculo result\u00f3 con algunos golpes por lo que fue necesario su atenci\u00f3n y traslado a un nosocomio para su atenci\u00f3n m\u00e9dica.<\/p>\n\n\n\n<p>En el lugar trabajaron elementos de Protecci\u00f3n Civil de Huamantla y el Estado, Cruz Roja, as\u00ed como elementos de seguridad quienes abanderaron la zona mientras realizaron el retiro de las unidades.<\/p>\n","protected":false},"excerpt":{"rendered":"<p>Paco Ugarte. La tarde de este jueves 30 de enero, elementos de seguridad y emergencia se movilizaron hasta el libramiento oriente de la ciudad de Huamantla, sobre la carretera M\u00e9xico &#8211; Veracruz a la altura de la gasolinera Mobil. Ah\u00ed, se report\u00f3 un choque por alcance entre dos unidades, se trata de un veh\u00edculo compacto [&hellip;]<\/p>\n","protected":false},"author":5,"featured_media":92932,"comment_status":"open","ping_status":"open","sticky":false,"template":"","format":"standard","meta":{"om_disable_all_campaigns":false,"_monsterinsights_skip_tracking":false,"_monsterinsights_sitenote_active":false,"_monsterinsights_sitenote_note":"","_monsterinsights_sitenote_category":0,"jnews-multi-image_gallery":[],"jnews_single_post":{"format":"standard"},"jnews_primary_category":[],"footnotes":""},"categories":[1],"tags":[],"class_list":["post-92931","post","type-post","status-publish","format-standard","has-post-thumbnail","hentry","category-uncategorized"],"aioseo_notices":[],"_links":{"self":[{"href":"https:\/\/estado29.mx\/index.php?rest_route=\/wp\/v2\/posts\/92931","targetHints":{"allow":["GET"]}}],"collection":[{"href":"https:\/\/estado29.mx\/index.php?rest_route=\/wp\/v2\/posts"}],"about":[{"href":"https:\/\/estado29.mx\/index.php?rest_route=\/wp\/v2\/types\/post"}],"author":[{"embeddable":true,"href":"https:\/\/estado29.mx\/index.php?rest_route=\/wp\/v2\/users\/5"}],"replies":[{"embeddable":true,"href":"https:\/\/estado29.mx\/index.php?rest_route=%2Fwp%2Fv2%2Fcomments&post=92931"}],"version-history":[{"count":1,"href":"https:\/\/estado29.mx\/index.php?rest_route=\/wp\/v2\/posts\/92931\/revisions"}],"predecessor-version":[{"id":92933,"href":"https:\/\/estado29.mx\/index.php?rest_route=\/wp\/v2\/posts\/92931\/revisions\/92933"}],"wp:featuredmedia":[{"embeddable":true,"href":"https:\/\/estado29.mx\/index.php?rest_route=\/wp\/v2\/media\/92932"}],"wp:attachment":[{"href":"https:\/\/estado29.mx\/index.php?rest_route=%2Fwp%2Fv2%2Fmedia&parent=92931"}],"wp:term":[{"taxonomy":"category","embeddable":true,"href":"https:\/\/estado29.mx\/index.php?rest_route=%2Fwp%2Fv2%2Fcategories&post=92931"},{"taxonomy":"post_tag","embeddable":true,"href":"https:\/\/estado29.mx\/index.php?rest_route=%2Fwp%2Fv2%2Ftags&post=92931"}],"curies":[{"name":"wp","href":"https:\/\/api.w.org\/{rel}","templated":true}]}}