{"id":92934,"date":"2025-01-31T03:51:23","date_gmt":"2025-01-31T03:51:23","guid":{"rendered":"https:\/\/estado29.mx\/?p=92934"},"modified":"2025-01-31T03:51:24","modified_gmt":"2025-01-31T03:51:24","slug":"la-presidenta-de-mexico-claudia-sheinbaum-pardo-encabeza-laconferencia-matutina-las-mananeras-del-pueblo-en-el-salon-de-tesoreria-de-palacio","status":"publish","type":"post","link":"https:\/\/estado29.mx\/?p=92934","title":{"rendered":"La Presidenta de M\u00e9xico, Claudia Sheinbaum Pardo, encabeza laconferencia matutina: \u201cLas ma\u00f1aneras del pueblo\u201d, en el Sal\u00f3n de Tesorer\u00eda de Palacio"},"content":{"rendered":"<figure class=\"wp-block-post-featured-image\"><img loading=\"lazy\" decoding=\"async\" width=\"1500\" height=\"1000\" src=\"https:\/\/estado29.mx\/wp-content\/uploads\/2025\/01\/2025-01-30_Conferencia_de_prensa_matutina_-_Palacio_Nacional_02.jpg\" class=\"attachment-post-thumbnail size-post-thumbnail wp-post-image\" alt=\"\" style=\"object-fit:cover;\" srcset=\"https:\/\/estado29.mx\/wp-content\/uploads\/2025\/01\/2025-01-30_Conferencia_de_prensa_matutina_-_Palacio_Nacional_02.jpg 1500w, https:\/\/estado29.mx\/wp-content\/uploads\/2025\/01\/2025-01-30_Conferencia_de_prensa_matutina_-_Palacio_Nacional_02-300x200.jpg 300w, https:\/\/estado29.mx\/wp-content\/uploads\/2025\/01\/2025-01-30_Conferencia_de_prensa_matutina_-_Palacio_Nacional_02-1024x683.jpg 1024w, https:\/\/estado29.mx\/wp-content\/uploads\/2025\/01\/2025-01-30_Conferencia_de_prensa_matutina_-_Palacio_Nacional_02-768x512.jpg 768w, https:\/\/estado29.mx\/wp-content\/uploads\/2025\/01\/2025-01-30_Conferencia_de_prensa_matutina_-_Palacio_Nacional_02-750x500.jpg 750w, https:\/\/estado29.mx\/wp-content\/uploads\/2025\/01\/2025-01-30_Conferencia_de_prensa_matutina_-_Palacio_Nacional_02-1140x760.jpg 1140w\" sizes=\"auto, (max-width: 1500px) 100vw, 1500px\" \/><\/figure>\n\n\n<p> Preside la Entrega de tarjetas del Programa de Mejoramiento deVivienda para el Bienestar en el Club Deportivo La Paz, ubicado en AvenidaSim\u00f3n Bol\u00edvar s\/n, Col. Los Reyes Centro, CP 56400, Los Reyes La Paz, Estado deM\u00e9xico. https:\/\/t.ly\/U7tsI13:30h Entrega de tarjetas del Programa de Mejoramiento de Vivienda para el Bienestar, en el Recinto Ferial de Chimalhuac\u00e1n, ubicado en Calle VenustianoCarranza #416b, Col. Santa Mar\u00eda Nativitas, C.P.56330, Chimalhuac\u00e1n, Estadode M\u00e9xico. <\/p>\n\n\n\n<p>17:00h Entrega de tarjetas del Programa de Mejoramiento de Vivienda para elBienestar, en el Centro Deportivo Ecol\u00f3gico Bicentenario, ubicado en CalleCiudad Jard\u00edn S\/N, Manzana 001, Col. Ciudad Jard\u00edn, C.P. 57205, Nezahualc\u00f3yotl,Estado de M\u00e9xico. <\/p>\n","protected":false},"excerpt":{"rendered":"<p>Preside la Entrega de tarjetas del Programa de Mejoramiento deVivienda para el Bienestar en el Club Deportivo La Paz, ubicado en AvenidaSim\u00f3n Bol\u00edvar s\/n, Col. Los Reyes Centro, CP 56400, Los Reyes La Paz, Estado deM\u00e9xico. https:\/\/t.ly\/U7tsI13:30h Entrega de tarjetas del Programa de Mejoramiento de Vivienda para el Bienestar, en el Recinto Ferial de Chimalhuac\u00e1n, [&hellip;]<\/p>\n","protected":false},"author":4,"featured_media":92935,"comment_status":"open","ping_status":"open","sticky":false,"template":"","format":"standard","meta":{"om_disable_all_campaigns":false,"_monsterinsights_skip_tracking":false,"_monsterinsights_sitenote_active":false,"_monsterinsights_sitenote_note":"","_monsterinsights_sitenote_category":0,"jnews-multi-image_gallery":[],"jnews_single_post":{"format":"standard"},"jnews_primary_category":[],"footnotes":""},"categories":[1],"tags":[],"class_list":["post-92934","post","type-post","status-publish","format-standard","has-post-thumbnail","hentry","category-uncategorized"],"aioseo_notices":[],"_links":{"self":[{"href":"https:\/\/estado29.mx\/index.php?rest_route=\/wp\/v2\/posts\/92934","targetHints":{"allow":["GET"]}}],"collection":[{"href":"https:\/\/estado29.mx\/index.php?rest_route=\/wp\/v2\/posts"}],"about":[{"href":"https:\/\/estado29.mx\/index.php?rest_route=\/wp\/v2\/types\/post"}],"author":[{"embeddable":true,"href":"https:\/\/estado29.mx\/index.php?rest_route=\/wp\/v2\/users\/4"}],"replies":[{"embeddable":true,"href":"https:\/\/estado29.mx\/index.php?rest_route=%2Fwp%2Fv2%2Fcomments&post=92934"}],"version-history":[{"count":1,"href":"https:\/\/estado29.mx\/index.php?rest_route=\/wp\/v2\/posts\/92934\/revisions"}],"predecessor-version":[{"id":92936,"href":"https:\/\/estado29.mx\/index.php?rest_route=\/wp\/v2\/posts\/92934\/revisions\/92936"}],"wp:featuredmedia":[{"embeddable":true,"href":"https:\/\/estado29.mx\/index.php?rest_route=\/wp\/v2\/media\/92935"}],"wp:attachment":[{"href":"https:\/\/estado29.mx\/index.php?rest_route=%2Fwp%2Fv2%2Fmedia&parent=92934"}],"wp:term":[{"taxonomy":"category","embeddable":true,"href":"https:\/\/estado29.mx\/index.php?rest_route=%2Fwp%2Fv2%2Fcategories&post=92934"},{"taxonomy":"post_tag","embeddable":true,"href":"https:\/\/estado29.mx\/index.php?rest_route=%2Fwp%2Fv2%2Ftags&post=92934"}],"curies":[{"name":"wp","href":"https:\/\/api.w.org\/{rel}","templated":true}]}}