{"id":92937,"date":"2025-01-31T03:54:03","date_gmt":"2025-01-31T03:54:03","guid":{"rendered":"https:\/\/estado29.mx\/?p=92937"},"modified":"2025-01-31T03:54:03","modified_gmt":"2025-01-31T03:54:03","slug":"en-una-labor-conjunta-entre-el-municipio-y-el-estado-de-garantiza-la-identidad-legal-de-163-personas","status":"publish","type":"post","link":"https:\/\/estado29.mx\/?p=92937","title":{"rendered":"En una labor conjunta entre el municipio y el estado de garantiza la identidad legal de 163 personas"},"content":{"rendered":"<figure class=\"wp-block-post-featured-image\"><img loading=\"lazy\" decoding=\"async\" width=\"1280\" height=\"853\" src=\"https:\/\/estado29.mx\/wp-content\/uploads\/2025\/01\/IMG-20250130-WA0042.jpg\" class=\"attachment-post-thumbnail size-post-thumbnail wp-post-image\" alt=\"\" style=\"object-fit:cover;\" srcset=\"https:\/\/estado29.mx\/wp-content\/uploads\/2025\/01\/IMG-20250130-WA0042.jpg 1280w, https:\/\/estado29.mx\/wp-content\/uploads\/2025\/01\/IMG-20250130-WA0042-300x200.jpg 300w, https:\/\/estado29.mx\/wp-content\/uploads\/2025\/01\/IMG-20250130-WA0042-1024x682.jpg 1024w, https:\/\/estado29.mx\/wp-content\/uploads\/2025\/01\/IMG-20250130-WA0042-768x512.jpg 768w, https:\/\/estado29.mx\/wp-content\/uploads\/2025\/01\/IMG-20250130-WA0042-750x500.jpg 750w, https:\/\/estado29.mx\/wp-content\/uploads\/2025\/01\/IMG-20250130-WA0042-1140x760.jpg 1140w\" sizes=\"auto, (max-width: 1280px) 100vw, 1280px\" \/><\/figure>\n\n\n<p>En una ceremonia realizada en la Ex Cancha 13 de Huamantla, el Presidente Municipal, Salvador Santos Cedillo, y el Director de la Coordinaci\u00f3n del Registro Civil, V\u00edctor Hugo Mena Hern\u00e1ndez, entregaron simb\u00f3licamente registros extempor\u00e1neos de nacimiento a 163 personas. <\/p>\n\n\n\n<p>Este acto garantiza su derecho a la identidad y el acceso a servicios esenciales como salud, educaci\u00f3n y programas sociales. Durante el evento, el Alcalde destac\u00f3 la importancia de la coordinaci\u00f3n entre el municipio y el estado para brindar identidad jur\u00eddica a los huamantlecos. <\/p>\n\n\n\n<p>Por su parte, el Director de la Coordinaci\u00f3n del Registro Civil reconoci\u00f3 el esfuerzo del Gobierno de Huamantla y resalt\u00f3 que Tlaxcala es pionero en la implementaci\u00f3n de la Clave \u00danica de Registro de Poblaci\u00f3n (CURP) \u00fanica con fotograf\u00eda.La entrega de actas de nacimiento se realiz\u00f3 en el marco de las campa\u00f1as impulsadas por el Ayuntamiento de Huamantla para regularizar la identidad de sus ciudadanos.<\/p>\n","protected":false},"excerpt":{"rendered":"<p>En una ceremonia realizada en la Ex Cancha 13 de Huamantla, el Presidente Municipal, Salvador Santos Cedillo, y el Director de la Coordinaci\u00f3n del Registro Civil, V\u00edctor Hugo Mena Hern\u00e1ndez, entregaron simb\u00f3licamente registros extempor\u00e1neos de nacimiento a 163 personas. Este acto garantiza su derecho a la identidad y el acceso a servicios esenciales como salud, [&hellip;]<\/p>\n","protected":false},"author":4,"featured_media":92938,"comment_status":"open","ping_status":"open","sticky":false,"template":"","format":"standard","meta":{"om_disable_all_campaigns":false,"_monsterinsights_skip_tracking":false,"_monsterinsights_sitenote_active":false,"_monsterinsights_sitenote_note":"","_monsterinsights_sitenote_category":0,"jnews-multi-image_gallery":[],"jnews_single_post":{"format":"standard"},"jnews_primary_category":[],"footnotes":""},"categories":[1],"tags":[],"class_list":["post-92937","post","type-post","status-publish","format-standard","has-post-thumbnail","hentry","category-uncategorized"],"aioseo_notices":[],"_links":{"self":[{"href":"https:\/\/estado29.mx\/index.php?rest_route=\/wp\/v2\/posts\/92937","targetHints":{"allow":["GET"]}}],"collection":[{"href":"https:\/\/estado29.mx\/index.php?rest_route=\/wp\/v2\/posts"}],"about":[{"href":"https:\/\/estado29.mx\/index.php?rest_route=\/wp\/v2\/types\/post"}],"author":[{"embeddable":true,"href":"https:\/\/estado29.mx\/index.php?rest_route=\/wp\/v2\/users\/4"}],"replies":[{"embeddable":true,"href":"https:\/\/estado29.mx\/index.php?rest_route=%2Fwp%2Fv2%2Fcomments&post=92937"}],"version-history":[{"count":1,"href":"https:\/\/estado29.mx\/index.php?rest_route=\/wp\/v2\/posts\/92937\/revisions"}],"predecessor-version":[{"id":92939,"href":"https:\/\/estado29.mx\/index.php?rest_route=\/wp\/v2\/posts\/92937\/revisions\/92939"}],"wp:featuredmedia":[{"embeddable":true,"href":"https:\/\/estado29.mx\/index.php?rest_route=\/wp\/v2\/media\/92938"}],"wp:attachment":[{"href":"https:\/\/estado29.mx\/index.php?rest_route=%2Fwp%2Fv2%2Fmedia&parent=92937"}],"wp:term":[{"taxonomy":"category","embeddable":true,"href":"https:\/\/estado29.mx\/index.php?rest_route=%2Fwp%2Fv2%2Fcategories&post=92937"},{"taxonomy":"post_tag","embeddable":true,"href":"https:\/\/estado29.mx\/index.php?rest_route=%2Fwp%2Fv2%2Ftags&post=92937"}],"curies":[{"name":"wp","href":"https:\/\/api.w.org\/{rel}","templated":true}]}}