{"id":92992,"date":"2025-01-31T20:33:33","date_gmt":"2025-01-31T20:33:33","guid":{"rendered":"https:\/\/estado29.mx\/?p=92992"},"modified":"2025-01-31T20:33:33","modified_gmt":"2025-01-31T20:33:33","slug":"huamantla-se-posiciono-como-el-primer-destino-turistico-de-tlaxcala-en-su-participacion-en-la-fitur-2025-celebrada-en-madrid-espana","status":"publish","type":"post","link":"https:\/\/estado29.mx\/?p=92992","title":{"rendered":"Huamantla se posicion\u00f3 como el Primer Destino Tur\u00edstico de Tlaxcala en su participaci\u00f3n en la (FITUR) 2025 celebrada en Madrid, Espa\u00f1a."},"content":{"rendered":"\n<p><br>El Coordinador de Turismo en el Municipio de Huamantla, Francisco Octaviano Guti\u00e9rrez Lara, refiri\u00f3 que dentro de la serie de participaciones que tuvo Huamantla en la Feria Internacional de Turismo 2025 (FITUR), llevada a cabo en Madrid, Espa\u00f1a, se logr\u00f3 que este Pueblo M\u00e1gico, se  posicionara como el primer atractivo tur\u00edstico del Estado.<\/p>\n\n\n\n<p><br>Francisco Octaviano Guti\u00e9rrez Lara, detall\u00f3 que esta fue una oportunidad muy importante para Huamantla, pues proyect\u00f3 su gastronom\u00eda, arte ef\u00edmero, funciones de t\u00edteres, que permitieron generar un gran impacto en su presentaci\u00f3n.<\/p>\n\n\n\n<p><br>Asimismo, el Coordinador de Turismo, reconoci\u00f3 la labor del presidente Municipal Juan Salvador Santos Cedillo, en proyectar a nivel internacional lo que es este Pueblo M\u00e1gico y lograr su reconocimiento dentro de esta feria, llevada a cabo hace unos d\u00edas.<\/p>\n\n\n\n<p><br>El Coordinador de Turismo, agreg\u00f3 se lograron avances significativos, pues ya se tiene en puerta hacer hermanamientos con algunos municipio espa\u00f1oles, por lo que, sumado a lo anterior, ya se tiene diversos proyectos y participaciones para el Primer Pueblo M\u00e1gico de Tlaxcala.<\/p>\n\n\n<figure class=\"wp-block-post-featured-image\"><img loading=\"lazy\" decoding=\"async\" width=\"2560\" height=\"1920\" src=\"https:\/\/estado29.mx\/wp-content\/uploads\/2025\/01\/IMG_20250131_112603-min-scaled.jpg\" class=\"attachment-post-thumbnail size-post-thumbnail wp-post-image\" alt=\"\" style=\"object-fit:cover;\" srcset=\"https:\/\/estado29.mx\/wp-content\/uploads\/2025\/01\/IMG_20250131_112603-min-scaled.jpg 2560w, https:\/\/estado29.mx\/wp-content\/uploads\/2025\/01\/IMG_20250131_112603-min-300x225.jpg 300w, https:\/\/estado29.mx\/wp-content\/uploads\/2025\/01\/IMG_20250131_112603-min-1024x768.jpg 1024w, https:\/\/estado29.mx\/wp-content\/uploads\/2025\/01\/IMG_20250131_112603-min-768x576.jpg 768w, https:\/\/estado29.mx\/wp-content\/uploads\/2025\/01\/IMG_20250131_112603-min-1536x1152.jpg 1536w, https:\/\/estado29.mx\/wp-content\/uploads\/2025\/01\/IMG_20250131_112603-min-2048x1536.jpg 2048w, https:\/\/estado29.mx\/wp-content\/uploads\/2025\/01\/IMG_20250131_112603-min-750x563.jpg 750w, https:\/\/estado29.mx\/wp-content\/uploads\/2025\/01\/IMG_20250131_112603-min-1140x855.jpg 1140w\" sizes=\"auto, (max-width: 2560px) 100vw, 2560px\" \/><\/figure>","protected":false},"excerpt":{"rendered":"<p>El Coordinador de Turismo en el Municipio de Huamantla, Francisco Octaviano Guti\u00e9rrez Lara, refiri\u00f3 que dentro de la serie de participaciones que tuvo Huamantla en la Feria Internacional de Turismo 2025 (FITUR), llevada a cabo en Madrid, Espa\u00f1a, se logr\u00f3 que este Pueblo M\u00e1gico, se posicionara como el primer atractivo tur\u00edstico del Estado. Francisco Octaviano [&hellip;]<\/p>\n","protected":false},"author":7,"featured_media":92993,"comment_status":"open","ping_status":"open","sticky":false,"template":"","format":"standard","meta":{"om_disable_all_campaigns":false,"_monsterinsights_skip_tracking":false,"_monsterinsights_sitenote_active":false,"_monsterinsights_sitenote_note":"","_monsterinsights_sitenote_category":0,"jnews-multi-image_gallery":[],"jnews_single_post":{"format":"standard"},"jnews_primary_category":[],"footnotes":""},"categories":[1],"tags":[],"class_list":["post-92992","post","type-post","status-publish","format-standard","has-post-thumbnail","hentry","category-uncategorized"],"aioseo_notices":[],"_links":{"self":[{"href":"https:\/\/estado29.mx\/index.php?rest_route=\/wp\/v2\/posts\/92992","targetHints":{"allow":["GET"]}}],"collection":[{"href":"https:\/\/estado29.mx\/index.php?rest_route=\/wp\/v2\/posts"}],"about":[{"href":"https:\/\/estado29.mx\/index.php?rest_route=\/wp\/v2\/types\/post"}],"author":[{"embeddable":true,"href":"https:\/\/estado29.mx\/index.php?rest_route=\/wp\/v2\/users\/7"}],"replies":[{"embeddable":true,"href":"https:\/\/estado29.mx\/index.php?rest_route=%2Fwp%2Fv2%2Fcomments&post=92992"}],"version-history":[{"count":1,"href":"https:\/\/estado29.mx\/index.php?rest_route=\/wp\/v2\/posts\/92992\/revisions"}],"predecessor-version":[{"id":92994,"href":"https:\/\/estado29.mx\/index.php?rest_route=\/wp\/v2\/posts\/92992\/revisions\/92994"}],"wp:featuredmedia":[{"embeddable":true,"href":"https:\/\/estado29.mx\/index.php?rest_route=\/wp\/v2\/media\/92993"}],"wp:attachment":[{"href":"https:\/\/estado29.mx\/index.php?rest_route=%2Fwp%2Fv2%2Fmedia&parent=92992"}],"wp:term":[{"taxonomy":"category","embeddable":true,"href":"https:\/\/estado29.mx\/index.php?rest_route=%2Fwp%2Fv2%2Fcategories&post=92992"},{"taxonomy":"post_tag","embeddable":true,"href":"https:\/\/estado29.mx\/index.php?rest_route=%2Fwp%2Fv2%2Ftags&post=92992"}],"curies":[{"name":"wp","href":"https:\/\/api.w.org\/{rel}","templated":true}]}}