{"id":92997,"date":"2025-02-01T19:03:38","date_gmt":"2025-02-01T19:03:38","guid":{"rendered":"https:\/\/estado29.mx\/?p=92997"},"modified":"2025-02-01T19:03:38","modified_gmt":"2025-02-01T19:03:38","slug":"presentan-en-huamantla-serie-de-actividades-con-motivo-de-homenaje-por-camara-de-diputados-federal-a-pablo-hermoso-de-mendoza","status":"publish","type":"post","link":"https:\/\/estado29.mx\/?p=92997","title":{"rendered":"Presentan en Huamantla serie de actividades con motivo de Homenaje por C\u00e1mara de Diputados Federal a Pablo Hermoso de Mendoza."},"content":{"rendered":"\n<p><br>Este s\u00e1bado 1 de febrero del a\u00f1o en curso, se llev\u00f3 a cabo en el municipio de Huamantla, una conferencia de prensa, en donde se dieron a conocer los pormenores del Homenaje que rendir\u00e1 la C\u00e1mara de Diputados Federal, al matador de toros, Pablo Hermoso de Mendoza.<\/p>\n\n\n\n<p><br>Esta conferencia, tuvo lugar en el Sal\u00f3n Real de Cantera de esta ciudad, en donde los integrantes del pres\u00eddium coincidieron que, adem\u00e1s de reconocer la trayectoria de Pablo Hermoso de Mendoza, el objetivo es que los ni\u00f1os y j\u00f3venes conozcan la cultura de la tauromaquia y la preserven en el tiempo.<\/p>\n\n\n\n<p><br>Ranulfo Rojas Bret\u00f3n, Presidente de la Asociaci\u00f3n Unidos por el Toro Bravo, en su intervenci\u00f3n, destac\u00f3 la importancia de la promoci\u00f3n y difusi\u00f3n de la cultura taurina.<\/p>\n\n\n\n<p>Asimismo, puntualiz\u00f3 que se busca llevar a cabo eventos en municipios de  la Regi\u00f3n Oriente, como son: Altzayanca, Apizaco, Tlaxcala y otros m\u00e1s, a trav\u00e9s de la asociaci\u00f3n que preside, con el objetivo de mantener viva la cultura taurina en el estado de Tlaxcala.<\/p>\n\n\n\n<figure class=\"wp-block-image size-large\"><img loading=\"lazy\" decoding=\"async\" width=\"768\" height=\"1024\" src=\"https:\/\/estado29.mx\/wp-content\/uploads\/2025\/02\/IMG_20250201_114458_1-min-1-768x1024.jpg\" alt=\"\" class=\"wp-image-93000\" srcset=\"https:\/\/estado29.mx\/wp-content\/uploads\/2025\/02\/IMG_20250201_114458_1-min-1-768x1024.jpg 768w, https:\/\/estado29.mx\/wp-content\/uploads\/2025\/02\/IMG_20250201_114458_1-min-1-225x300.jpg 225w, https:\/\/estado29.mx\/wp-content\/uploads\/2025\/02\/IMG_20250201_114458_1-min-1-1152x1536.jpg 1152w, https:\/\/estado29.mx\/wp-content\/uploads\/2025\/02\/IMG_20250201_114458_1-min-1-1536x2048.jpg 1536w, https:\/\/estado29.mx\/wp-content\/uploads\/2025\/02\/IMG_20250201_114458_1-min-1-750x1000.jpg 750w, https:\/\/estado29.mx\/wp-content\/uploads\/2025\/02\/IMG_20250201_114458_1-min-1-1140x1520.jpg 1140w, https:\/\/estado29.mx\/wp-content\/uploads\/2025\/02\/IMG_20250201_114458_1-min-1-scaled.jpg 1920w\" sizes=\"auto, (max-width: 768px) 100vw, 768px\" \/><\/figure>\n\n\n\n<p><br>Por su parte, Uri Alejandra Aguilar Rivera, Gerente del Sal\u00f3n Real de Cantera, en representaci\u00f3n del Diputado Federal por el Distrito 1 Tlaxcala, Jos\u00e9 Alejandro Aguilar L\u00f3pez, coment\u00f3 que para amenizar este evento que se llevar\u00e1 a cabo el pr\u00f3ximo domingo nueve de enero, en el mismo lugar de la conferencia de prensa, a las doce treinta del d\u00eda, se contar\u00e1 con la participaci\u00f3n de un ballet folkl\u00f3rico proveniente de Veracruz, con sones jarochos, adem\u00e1s de una banda de m\u00fasica.<\/p>\n\n\n\n<p><br>La Gerente de Cantera, resalt\u00f3 la emoci\u00f3n de poder tener en Huamantla, a un matador de talla internacional, quien realiza su gira de retiro de la fiesta brava, motivo por el cual se realizar\u00e1 este homenaje.<\/p>\n\n\n\n<p><br>Dentro de esta conferencia llevada a cabo, destacaron la importante derrama econ\u00f3mica que conllevar\u00e1 este evento, debido a la atracci\u00f3n de turismo que generar\u00e1, as\u00ed como la realizaci\u00f3n de otros homenajes a matadores de toros de M\u00e9xico y Tlaxcala.<\/p>\n\n\n<figure class=\"wp-block-post-featured-image\"><img loading=\"lazy\" decoding=\"async\" width=\"2560\" height=\"1920\" src=\"https:\/\/estado29.mx\/wp-content\/uploads\/2025\/02\/IMG_20250201_111209-min-scaled.jpg\" class=\"attachment-post-thumbnail size-post-thumbnail wp-post-image\" alt=\"\" style=\"object-fit:cover;\" srcset=\"https:\/\/estado29.mx\/wp-content\/uploads\/2025\/02\/IMG_20250201_111209-min-scaled.jpg 2560w, https:\/\/estado29.mx\/wp-content\/uploads\/2025\/02\/IMG_20250201_111209-min-300x225.jpg 300w, https:\/\/estado29.mx\/wp-content\/uploads\/2025\/02\/IMG_20250201_111209-min-1024x768.jpg 1024w, https:\/\/estado29.mx\/wp-content\/uploads\/2025\/02\/IMG_20250201_111209-min-768x576.jpg 768w, https:\/\/estado29.mx\/wp-content\/uploads\/2025\/02\/IMG_20250201_111209-min-1536x1152.jpg 1536w, https:\/\/estado29.mx\/wp-content\/uploads\/2025\/02\/IMG_20250201_111209-min-2048x1536.jpg 2048w, https:\/\/estado29.mx\/wp-content\/uploads\/2025\/02\/IMG_20250201_111209-min-750x563.jpg 750w, https:\/\/estado29.mx\/wp-content\/uploads\/2025\/02\/IMG_20250201_111209-min-1140x855.jpg 1140w\" sizes=\"auto, (max-width: 2560px) 100vw, 2560px\" \/><\/figure>","protected":false},"excerpt":{"rendered":"<p>Este s\u00e1bado 1 de febrero del a\u00f1o en curso, se llev\u00f3 a cabo en el municipio de Huamantla, una conferencia de prensa, en donde se dieron a conocer los pormenores del Homenaje que rendir\u00e1 la C\u00e1mara de Diputados Federal, al matador de toros, Pablo Hermoso de Mendoza. Esta conferencia, tuvo lugar en el Sal\u00f3n Real [&hellip;]<\/p>\n","protected":false},"author":7,"featured_media":92998,"comment_status":"open","ping_status":"open","sticky":false,"template":"","format":"standard","meta":{"om_disable_all_campaigns":false,"_monsterinsights_skip_tracking":false,"_monsterinsights_sitenote_active":false,"_monsterinsights_sitenote_note":"","_monsterinsights_sitenote_category":0,"jnews-multi-image_gallery":[],"jnews_single_post":{"format":"standard"},"jnews_primary_category":[],"footnotes":""},"categories":[1],"tags":[],"class_list":["post-92997","post","type-post","status-publish","format-standard","has-post-thumbnail","hentry","category-uncategorized"],"aioseo_notices":[],"_links":{"self":[{"href":"https:\/\/estado29.mx\/index.php?rest_route=\/wp\/v2\/posts\/92997","targetHints":{"allow":["GET"]}}],"collection":[{"href":"https:\/\/estado29.mx\/index.php?rest_route=\/wp\/v2\/posts"}],"about":[{"href":"https:\/\/estado29.mx\/index.php?rest_route=\/wp\/v2\/types\/post"}],"author":[{"embeddable":true,"href":"https:\/\/estado29.mx\/index.php?rest_route=\/wp\/v2\/users\/7"}],"replies":[{"embeddable":true,"href":"https:\/\/estado29.mx\/index.php?rest_route=%2Fwp%2Fv2%2Fcomments&post=92997"}],"version-history":[{"count":1,"href":"https:\/\/estado29.mx\/index.php?rest_route=\/wp\/v2\/posts\/92997\/revisions"}],"predecessor-version":[{"id":93001,"href":"https:\/\/estado29.mx\/index.php?rest_route=\/wp\/v2\/posts\/92997\/revisions\/93001"}],"wp:featuredmedia":[{"embeddable":true,"href":"https:\/\/estado29.mx\/index.php?rest_route=\/wp\/v2\/media\/92998"}],"wp:attachment":[{"href":"https:\/\/estado29.mx\/index.php?rest_route=%2Fwp%2Fv2%2Fmedia&parent=92997"}],"wp:term":[{"taxonomy":"category","embeddable":true,"href":"https:\/\/estado29.mx\/index.php?rest_route=%2Fwp%2Fv2%2Fcategories&post=92997"},{"taxonomy":"post_tag","embeddable":true,"href":"https:\/\/estado29.mx\/index.php?rest_route=%2Fwp%2Fv2%2Ftags&post=92997"}],"curies":[{"name":"wp","href":"https:\/\/api.w.org\/{rel}","templated":true}]}}