{"id":93023,"date":"2025-02-03T03:09:50","date_gmt":"2025-02-03T03:09:50","guid":{"rendered":"https:\/\/estado29.mx\/?p=93023"},"modified":"2025-02-03T03:09:50","modified_gmt":"2025-02-03T03:09:50","slug":"otra-rina-en-pleno-centro-de-terrenate","status":"publish","type":"post","link":"https:\/\/estado29.mx\/?p=93023","title":{"rendered":"\u00a1Otra ri\u00f1a en pleno centro de Terrenate!"},"content":{"rendered":"\n<p>La noche de este domingo se registr\u00f3 nuevamente una ri\u00f1a en pleno centro del municipio de Terrenate; sobre la calle 5 de febrero, entre algunos grupos de j\u00f3venes.<\/p>\n\n\n\n<p>A pesar que al sitio arribaron elementos de seguridad p\u00fablica, como habr\u00eda de esperarse en cada evento de esta naturaleza, no hubo personas detenidas luego de ser se\u00f1aladas de manera directa.<\/p>\n\n\n\n<p>Se sabe que la ri\u00f1a fue originada por los hijos de dos servidores p\u00fablicos de la actual administraci\u00f3n, sin embargo, esta informaci\u00f3n est\u00e1 por ser confirmada.<\/p>\n\n\n\n<p>Nuevamente vecinos han solicitado a las \u201cautoridades municipales\u201d garantizar la tranquilidad en la demarcaci\u00f3n, pues al ser una avenida transitada se encontraban familias en la zona.<\/p>\n","protected":false},"excerpt":{"rendered":"<p>La noche de este domingo se registr\u00f3 nuevamente una ri\u00f1a en pleno centro del municipio de Terrenate; sobre la calle 5 de febrero, entre algunos grupos de j\u00f3venes. A pesar que al sitio arribaron elementos de seguridad p\u00fablica, como habr\u00eda de esperarse en cada evento de esta naturaleza, no hubo personas detenidas luego de ser [&hellip;]<\/p>\n","protected":false},"author":5,"featured_media":93024,"comment_status":"open","ping_status":"open","sticky":false,"template":"","format":"standard","meta":{"om_disable_all_campaigns":false,"_monsterinsights_skip_tracking":false,"_monsterinsights_sitenote_active":false,"_monsterinsights_sitenote_note":"","_monsterinsights_sitenote_category":0,"jnews-multi-image_gallery":[],"jnews_single_post":{"format":"standard"},"jnews_primary_category":[],"footnotes":""},"categories":[1],"tags":[],"class_list":["post-93023","post","type-post","status-publish","format-standard","has-post-thumbnail","hentry","category-uncategorized"],"aioseo_notices":[],"_links":{"self":[{"href":"https:\/\/estado29.mx\/index.php?rest_route=\/wp\/v2\/posts\/93023","targetHints":{"allow":["GET"]}}],"collection":[{"href":"https:\/\/estado29.mx\/index.php?rest_route=\/wp\/v2\/posts"}],"about":[{"href":"https:\/\/estado29.mx\/index.php?rest_route=\/wp\/v2\/types\/post"}],"author":[{"embeddable":true,"href":"https:\/\/estado29.mx\/index.php?rest_route=\/wp\/v2\/users\/5"}],"replies":[{"embeddable":true,"href":"https:\/\/estado29.mx\/index.php?rest_route=%2Fwp%2Fv2%2Fcomments&post=93023"}],"version-history":[{"count":1,"href":"https:\/\/estado29.mx\/index.php?rest_route=\/wp\/v2\/posts\/93023\/revisions"}],"predecessor-version":[{"id":93025,"href":"https:\/\/estado29.mx\/index.php?rest_route=\/wp\/v2\/posts\/93023\/revisions\/93025"}],"wp:featuredmedia":[{"embeddable":true,"href":"https:\/\/estado29.mx\/index.php?rest_route=\/wp\/v2\/media\/93024"}],"wp:attachment":[{"href":"https:\/\/estado29.mx\/index.php?rest_route=%2Fwp%2Fv2%2Fmedia&parent=93023"}],"wp:term":[{"taxonomy":"category","embeddable":true,"href":"https:\/\/estado29.mx\/index.php?rest_route=%2Fwp%2Fv2%2Fcategories&post=93023"},{"taxonomy":"post_tag","embeddable":true,"href":"https:\/\/estado29.mx\/index.php?rest_route=%2Fwp%2Fv2%2Ftags&post=93023"}],"curies":[{"name":"wp","href":"https:\/\/api.w.org\/{rel}","templated":true}]}}