{"id":93048,"date":"2025-02-03T23:52:10","date_gmt":"2025-02-03T23:52:10","guid":{"rendered":"https:\/\/estado29.mx\/?p=93048"},"modified":"2025-02-03T23:52:10","modified_gmt":"2025-02-03T23:52:10","slug":"el-dia-de-hoy-pasamos-del-rechazo-a-la-dignificacion-de-las-y-los-joves-claudia-sheinbaum","status":"publish","type":"post","link":"https:\/\/estado29.mx\/?p=93048","title":{"rendered":"El d\u00eda de hoy pasamos del rechazo a la dignificaci\u00f3n de las y los Joves: Claudia Sheinbaum"},"content":{"rendered":"<figure class=\"wp-block-post-featured-image\"><img loading=\"lazy\" decoding=\"async\" width=\"1600\" height=\"1066\" src=\"https:\/\/estado29.mx\/wp-content\/uploads\/2025\/02\/IMG-20250203-WA0066.jpg\" class=\"attachment-post-thumbnail size-post-thumbnail wp-post-image\" alt=\"\" style=\"object-fit:cover;\" srcset=\"https:\/\/estado29.mx\/wp-content\/uploads\/2025\/02\/IMG-20250203-WA0066.jpg 1600w, https:\/\/estado29.mx\/wp-content\/uploads\/2025\/02\/IMG-20250203-WA0066-300x200.jpg 300w, https:\/\/estado29.mx\/wp-content\/uploads\/2025\/02\/IMG-20250203-WA0066-1024x682.jpg 1024w, https:\/\/estado29.mx\/wp-content\/uploads\/2025\/02\/IMG-20250203-WA0066-768x512.jpg 768w, https:\/\/estado29.mx\/wp-content\/uploads\/2025\/02\/IMG-20250203-WA0066-1536x1023.jpg 1536w, https:\/\/estado29.mx\/wp-content\/uploads\/2025\/02\/IMG-20250203-WA0066-750x500.jpg 750w, https:\/\/estado29.mx\/wp-content\/uploads\/2025\/02\/IMG-20250203-WA0066-1140x760.jpg 1140w\" sizes=\"auto, (max-width: 1600px) 100vw, 1600px\" \/><\/figure>\n\n\n<p>La presidenta de M\u00e9xico, Claudia Sheinbaum, anunci\u00f3 la eliminaci\u00f3n del examen de la Comisi\u00f3n Metropolitana de Instituciones P\u00fablicas de Educaci\u00f3n Media Superior (COMIPEMS) y la creaci\u00f3n de una sola plataforma para la asignaci\u00f3n de lugares en preparatorias de la Zona Metropolitana del Valle de M\u00e9xico. Esto forma parte de su compromiso de garantizar la educaci\u00f3n para todos y todas.A partir del 14 de febrero, se abrir\u00e1 la convocatoria para que estudiantes de tercero de secundaria puedan acceder a planteles de educaci\u00f3n media superior. <\/p>\n\n\n\n<p>La UNAM y el IPN realizar\u00e1n un examen de ingreso en l\u00ednea, utilizando inteligencia artificial, seg\u00fan sus reglamentos internos.Sheinbaum destac\u00f3 que esta medida dignifica a las y los j\u00f3venes, pasando &#8220;del rechazo a la inclusi\u00f3n&#8221; y &#8220;del privilegio al derecho a la educaci\u00f3n&#8221;. <\/p>\n\n\n\n<p>El Consejo Acad\u00e9mico para la Transformaci\u00f3n de la Educaci\u00f3n Tecnol\u00f3gica Media Superior cuenta con la adhesi\u00f3n de instituciones acad\u00e9micas como la UNAM, IPN, UAM, UAEM\u00e9x y ANUIES \u00b9.<\/p>\n","protected":false},"excerpt":{"rendered":"<p>La presidenta de M\u00e9xico, Claudia Sheinbaum, anunci\u00f3 la eliminaci\u00f3n del examen de la Comisi\u00f3n Metropolitana de Instituciones P\u00fablicas de Educaci\u00f3n Media Superior (COMIPEMS) y la creaci\u00f3n de una sola plataforma para la asignaci\u00f3n de lugares en preparatorias de la Zona Metropolitana del Valle de M\u00e9xico. Esto forma parte de su compromiso de garantizar la educaci\u00f3n [&hellip;]<\/p>\n","protected":false},"author":4,"featured_media":93049,"comment_status":"open","ping_status":"open","sticky":false,"template":"","format":"standard","meta":{"om_disable_all_campaigns":false,"_monsterinsights_skip_tracking":false,"_monsterinsights_sitenote_active":false,"_monsterinsights_sitenote_note":"","_monsterinsights_sitenote_category":0,"jnews-multi-image_gallery":[],"jnews_single_post":{"format":"standard"},"jnews_primary_category":[],"footnotes":""},"categories":[1],"tags":[],"class_list":["post-93048","post","type-post","status-publish","format-standard","has-post-thumbnail","hentry","category-uncategorized"],"aioseo_notices":[],"_links":{"self":[{"href":"https:\/\/estado29.mx\/index.php?rest_route=\/wp\/v2\/posts\/93048","targetHints":{"allow":["GET"]}}],"collection":[{"href":"https:\/\/estado29.mx\/index.php?rest_route=\/wp\/v2\/posts"}],"about":[{"href":"https:\/\/estado29.mx\/index.php?rest_route=\/wp\/v2\/types\/post"}],"author":[{"embeddable":true,"href":"https:\/\/estado29.mx\/index.php?rest_route=\/wp\/v2\/users\/4"}],"replies":[{"embeddable":true,"href":"https:\/\/estado29.mx\/index.php?rest_route=%2Fwp%2Fv2%2Fcomments&post=93048"}],"version-history":[{"count":1,"href":"https:\/\/estado29.mx\/index.php?rest_route=\/wp\/v2\/posts\/93048\/revisions"}],"predecessor-version":[{"id":93050,"href":"https:\/\/estado29.mx\/index.php?rest_route=\/wp\/v2\/posts\/93048\/revisions\/93050"}],"wp:featuredmedia":[{"embeddable":true,"href":"https:\/\/estado29.mx\/index.php?rest_route=\/wp\/v2\/media\/93049"}],"wp:attachment":[{"href":"https:\/\/estado29.mx\/index.php?rest_route=%2Fwp%2Fv2%2Fmedia&parent=93048"}],"wp:term":[{"taxonomy":"category","embeddable":true,"href":"https:\/\/estado29.mx\/index.php?rest_route=%2Fwp%2Fv2%2Fcategories&post=93048"},{"taxonomy":"post_tag","embeddable":true,"href":"https:\/\/estado29.mx\/index.php?rest_route=%2Fwp%2Fv2%2Ftags&post=93048"}],"curies":[{"name":"wp","href":"https:\/\/api.w.org\/{rel}","templated":true}]}}