{"id":93054,"date":"2025-02-04T13:21:54","date_gmt":"2025-02-04T13:21:54","guid":{"rendered":"https:\/\/estado29.mx\/?p=93054"},"modified":"2025-02-04T13:21:55","modified_gmt":"2025-02-04T13:21:55","slug":"padres-de-familia-molestos-ante-medidas-para-preinscripciones-en-escuelas","status":"publish","type":"post","link":"https:\/\/estado29.mx\/?p=93054","title":{"rendered":"Padres de familia molestos ante medidas para preinscripciones en escuelas."},"content":{"rendered":"\n<p><br>Paco Ugarte. <\/p>\n\n\n\n<p>Este martes 4 de febrero iniciar\u00e1 el proceso de preinscripci\u00f3n para el ciclo escolar 2025 &#8211; 2026 en Tlaxcala, as\u00ed lo anunci\u00f3 la SEPE-USET.<\/p>\n\n\n\n<p>Esto, con el objetivo de garantizar el acceso a la educaci\u00f3n para ni\u00f1as, ni\u00f1os y adolescentes, en un marco de inclusi\u00f3n y equidad, la Secretar\u00eda de Educaci\u00f3n P\u00fablica del Estado y la Unidad de Servicios Educativos del Estado de Tlaxcala (SEPE-USET), realizar\u00e1n del 4 al 14 de febrero de 2025, el proceso de preinscripci\u00f3n a educaci\u00f3n b\u00e1sica.<\/p>\n\n\n\n<p>En el caso de Huamantla, hay padres de familia quienes deciden apartar lugares y con ello ser de los primeros en ingresar los documentos de sus hijos para tener m\u00e1s posibilidades de un lugar en la instituci\u00f3n educativa seleccionada.&nbsp;<\/p>\n\n\n\n<p>Ante este tipo de pr\u00e1cticas dialogamos con algunos padres de familia, quienes lamentaron se tengan que formar, toda vez que el cambio de clima puede generar enfermedades y la p\u00e9rdida de tiempo sobre todo para quienes trabajan y no cuentan con alg\u00fan tipo de apoyo de alg\u00fan familiar.&nbsp;<\/p>\n\n\n\n<p>Exhortaron a las autoridades de la SEPE a realizar cambio de estrategias para la preinscripci\u00f3n de alumnos, priorizando los buenos promedios quienes podr\u00edan continuar aprovechando un lugar dentro de las escuelas, aseguraron.&nbsp;<\/p>\n","protected":false},"excerpt":{"rendered":"<p>Paco Ugarte. Este martes 4 de febrero iniciar\u00e1 el proceso de preinscripci\u00f3n para el ciclo escolar 2025 &#8211; 2026 en Tlaxcala, as\u00ed lo anunci\u00f3 la SEPE-USET. Esto, con el objetivo de garantizar el acceso a la educaci\u00f3n para ni\u00f1as, ni\u00f1os y adolescentes, en un marco de inclusi\u00f3n y equidad, la Secretar\u00eda de Educaci\u00f3n P\u00fablica del [&hellip;]<\/p>\n","protected":false},"author":5,"featured_media":93055,"comment_status":"open","ping_status":"open","sticky":false,"template":"","format":"standard","meta":{"om_disable_all_campaigns":false,"_monsterinsights_skip_tracking":false,"_monsterinsights_sitenote_active":false,"_monsterinsights_sitenote_note":"","_monsterinsights_sitenote_category":0,"jnews-multi-image_gallery":[],"jnews_single_post":{"format":"standard"},"jnews_primary_category":[],"footnotes":""},"categories":[1],"tags":[],"class_list":["post-93054","post","type-post","status-publish","format-standard","has-post-thumbnail","hentry","category-uncategorized"],"aioseo_notices":[],"_links":{"self":[{"href":"https:\/\/estado29.mx\/index.php?rest_route=\/wp\/v2\/posts\/93054","targetHints":{"allow":["GET"]}}],"collection":[{"href":"https:\/\/estado29.mx\/index.php?rest_route=\/wp\/v2\/posts"}],"about":[{"href":"https:\/\/estado29.mx\/index.php?rest_route=\/wp\/v2\/types\/post"}],"author":[{"embeddable":true,"href":"https:\/\/estado29.mx\/index.php?rest_route=\/wp\/v2\/users\/5"}],"replies":[{"embeddable":true,"href":"https:\/\/estado29.mx\/index.php?rest_route=%2Fwp%2Fv2%2Fcomments&post=93054"}],"version-history":[{"count":1,"href":"https:\/\/estado29.mx\/index.php?rest_route=\/wp\/v2\/posts\/93054\/revisions"}],"predecessor-version":[{"id":93056,"href":"https:\/\/estado29.mx\/index.php?rest_route=\/wp\/v2\/posts\/93054\/revisions\/93056"}],"wp:featuredmedia":[{"embeddable":true,"href":"https:\/\/estado29.mx\/index.php?rest_route=\/wp\/v2\/media\/93055"}],"wp:attachment":[{"href":"https:\/\/estado29.mx\/index.php?rest_route=%2Fwp%2Fv2%2Fmedia&parent=93054"}],"wp:term":[{"taxonomy":"category","embeddable":true,"href":"https:\/\/estado29.mx\/index.php?rest_route=%2Fwp%2Fv2%2Fcategories&post=93054"},{"taxonomy":"post_tag","embeddable":true,"href":"https:\/\/estado29.mx\/index.php?rest_route=%2Fwp%2Fv2%2Ftags&post=93054"}],"curies":[{"name":"wp","href":"https:\/\/api.w.org\/{rel}","templated":true}]}}