{"id":93074,"date":"2025-02-04T18:55:28","date_gmt":"2025-02-04T18:55:28","guid":{"rendered":"https:\/\/estado29.mx\/?p=93074"},"modified":"2025-02-04T18:55:28","modified_gmt":"2025-02-04T18:55:28","slug":"inician-en-ixtenco-trabajos-balizamiento-en-carretera-principal","status":"publish","type":"post","link":"https:\/\/estado29.mx\/?p=93074","title":{"rendered":"Inician en Ixtenco trabajos balizamiento en carretera principal."},"content":{"rendered":"\n<p><\/p>\n\n\n\n<p>El ayuntamiento municipal de Ixtenco, que preside Miriam Aline Lazo Caballero, a trav\u00e9s de la Direcci\u00f3n de Protecci\u00f3n Civil de este lugar, dio inicio al proceso de balizaci\u00f3n de la carretera principal de la localidad, esta acci\u00f3n forma parte de los esfuerzos para mejorar la vialidad en el municipio y garantizar una circulaci\u00f3n m\u00e1s segura para los habitantes y visitantes.<\/p>\n\n\n\n<figure class=\"wp-block-image size-large\"><img loading=\"lazy\" decoding=\"async\" width=\"1024\" height=\"768\" src=\"https:\/\/estado29.mx\/wp-content\/uploads\/2025\/02\/IMG-20250203-WA0005-1024x768.jpg\" alt=\"\" class=\"wp-image-93076\" srcset=\"https:\/\/estado29.mx\/wp-content\/uploads\/2025\/02\/IMG-20250203-WA0005-1024x768.jpg 1024w, https:\/\/estado29.mx\/wp-content\/uploads\/2025\/02\/IMG-20250203-WA0005-300x225.jpg 300w, https:\/\/estado29.mx\/wp-content\/uploads\/2025\/02\/IMG-20250203-WA0005-768x576.jpg 768w, https:\/\/estado29.mx\/wp-content\/uploads\/2025\/02\/IMG-20250203-WA0005-1536x1152.jpg 1536w, https:\/\/estado29.mx\/wp-content\/uploads\/2025\/02\/IMG-20250203-WA0005-750x563.jpg 750w, https:\/\/estado29.mx\/wp-content\/uploads\/2025\/02\/IMG-20250203-WA0005-1140x855.jpg 1140w, https:\/\/estado29.mx\/wp-content\/uploads\/2025\/02\/IMG-20250203-WA0005.jpg 1600w\" sizes=\"auto, (max-width: 1024px) 100vw, 1024px\" \/><\/figure>\n\n\n\n<p><br>El balizamiento, que comenz\u00f3 esta semana, tiene como objetivo mejorar la se\u00f1alizaci\u00f3n y visibilidad de las rutas principales, promoviendo as\u00ed un entorno vial m\u00e1s organizado.<\/p>\n\n\n\n<p><br>Es importante destacar que, a partir del presente mes, el Reglamento de Vialidad Municipal, comenzar\u00e1 a aplicarse de manera formal, lo que implica que tanto los ciudadanos como los vecinos de la zona, deber\u00e1n mantener despejada la carretera principal, aquellos que.incumplan con esta disposici\u00f3n podr\u00e1n ser sujetos a sanciones, conforme lo establece el reglamento.<\/p>\n\n\n\n<figure class=\"wp-block-image size-large\"><img loading=\"lazy\" decoding=\"async\" width=\"768\" height=\"1024\" src=\"https:\/\/estado29.mx\/wp-content\/uploads\/2025\/02\/IMG-20250203-WA0002-768x1024.jpg\" alt=\"\" class=\"wp-image-93077\" srcset=\"https:\/\/estado29.mx\/wp-content\/uploads\/2025\/02\/IMG-20250203-WA0002-768x1024.jpg 768w, https:\/\/estado29.mx\/wp-content\/uploads\/2025\/02\/IMG-20250203-WA0002-225x300.jpg 225w, https:\/\/estado29.mx\/wp-content\/uploads\/2025\/02\/IMG-20250203-WA0002-1152x1536.jpg 1152w, https:\/\/estado29.mx\/wp-content\/uploads\/2025\/02\/IMG-20250203-WA0002-750x1000.jpg 750w, https:\/\/estado29.mx\/wp-content\/uploads\/2025\/02\/IMG-20250203-WA0002-1140x1520.jpg 1140w, https:\/\/estado29.mx\/wp-content\/uploads\/2025\/02\/IMG-20250203-WA0002.jpg 1200w\" sizes=\"auto, (max-width: 768px) 100vw, 768px\" \/><\/figure>\n\n\n\n<p><br>Asimismo, desde inicio este a\u00f1o, el gobierno municipal ha llevado a cabo una intensa campa\u00f1a de socializaci\u00f3n sobre el reglamento, tanto de manera presencial como a trav\u00e9s de las redes sociales, para asegurar que la ciudadan\u00eda est\u00e9 informada sobre las nuevas normativas, sumado a lo anterior, se han realizado diversas mejoras en la infraestructura vial de Ixtenco, lo cual ha sido un paso fundamental para ofrecer mejores condiciones de seguridad y movilidad a todos los que transitan por la zona.<\/p>\n\n\n\n<p><br>El gobierno municipal, hace un llamado a todos los habitantes para colaborar en el mantenimiento de la vialidad y en el cumplimiento de las normas, con el objetivo de mejorar la calidad de vida en el municipio.<\/p>\n\n\n<figure class=\"wp-block-post-featured-image\"><img loading=\"lazy\" decoding=\"async\" width=\"720\" height=\"1280\" src=\"https:\/\/estado29.mx\/wp-content\/uploads\/2025\/02\/IMG-20250203-WA0004.jpg\" class=\"attachment-post-thumbnail size-post-thumbnail wp-post-image\" alt=\"\" style=\"object-fit:cover;\" srcset=\"https:\/\/estado29.mx\/wp-content\/uploads\/2025\/02\/IMG-20250203-WA0004.jpg 720w, https:\/\/estado29.mx\/wp-content\/uploads\/2025\/02\/IMG-20250203-WA0004-169x300.jpg 169w, https:\/\/estado29.mx\/wp-content\/uploads\/2025\/02\/IMG-20250203-WA0004-576x1024.jpg 576w\" sizes=\"auto, (max-width: 720px) 100vw, 720px\" \/><\/figure>","protected":false},"excerpt":{"rendered":"<p>El ayuntamiento municipal de Ixtenco, que preside Miriam Aline Lazo Caballero, a trav\u00e9s de la Direcci\u00f3n de Protecci\u00f3n Civil de este lugar, dio inicio al proceso de balizaci\u00f3n de la carretera principal de la localidad, esta acci\u00f3n forma parte de los esfuerzos para mejorar la vialidad en el municipio y garantizar una circulaci\u00f3n m\u00e1s segura [&hellip;]<\/p>\n","protected":false},"author":7,"featured_media":93075,"comment_status":"open","ping_status":"open","sticky":false,"template":"","format":"standard","meta":{"om_disable_all_campaigns":false,"_monsterinsights_skip_tracking":false,"_monsterinsights_sitenote_active":false,"_monsterinsights_sitenote_note":"","_monsterinsights_sitenote_category":0,"jnews-multi-image_gallery":[],"jnews_single_post":{"format":"standard"},"jnews_primary_category":[],"footnotes":""},"categories":[1],"tags":[],"class_list":["post-93074","post","type-post","status-publish","format-standard","has-post-thumbnail","hentry","category-uncategorized"],"aioseo_notices":[],"_links":{"self":[{"href":"https:\/\/estado29.mx\/index.php?rest_route=\/wp\/v2\/posts\/93074","targetHints":{"allow":["GET"]}}],"collection":[{"href":"https:\/\/estado29.mx\/index.php?rest_route=\/wp\/v2\/posts"}],"about":[{"href":"https:\/\/estado29.mx\/index.php?rest_route=\/wp\/v2\/types\/post"}],"author":[{"embeddable":true,"href":"https:\/\/estado29.mx\/index.php?rest_route=\/wp\/v2\/users\/7"}],"replies":[{"embeddable":true,"href":"https:\/\/estado29.mx\/index.php?rest_route=%2Fwp%2Fv2%2Fcomments&post=93074"}],"version-history":[{"count":1,"href":"https:\/\/estado29.mx\/index.php?rest_route=\/wp\/v2\/posts\/93074\/revisions"}],"predecessor-version":[{"id":93078,"href":"https:\/\/estado29.mx\/index.php?rest_route=\/wp\/v2\/posts\/93074\/revisions\/93078"}],"wp:featuredmedia":[{"embeddable":true,"href":"https:\/\/estado29.mx\/index.php?rest_route=\/wp\/v2\/media\/93075"}],"wp:attachment":[{"href":"https:\/\/estado29.mx\/index.php?rest_route=%2Fwp%2Fv2%2Fmedia&parent=93074"}],"wp:term":[{"taxonomy":"category","embeddable":true,"href":"https:\/\/estado29.mx\/index.php?rest_route=%2Fwp%2Fv2%2Fcategories&post=93074"},{"taxonomy":"post_tag","embeddable":true,"href":"https:\/\/estado29.mx\/index.php?rest_route=%2Fwp%2Fv2%2Ftags&post=93074"}],"curies":[{"name":"wp","href":"https:\/\/api.w.org\/{rel}","templated":true}]}}