{"id":93086,"date":"2025-02-04T23:55:16","date_gmt":"2025-02-04T23:55:16","guid":{"rendered":"https:\/\/estado29.mx\/?p=93086"},"modified":"2025-02-04T23:55:16","modified_gmt":"2025-02-04T23:55:16","slug":"presidenta-claudia-sheinbaum-llama-al-sector-empresarial-a-fortalecer-el-plan-mexico","status":"publish","type":"post","link":"https:\/\/estado29.mx\/?p=93086","title":{"rendered":"Presidenta Claudia Sheinbaum llama al sector empresarial a fortalecer el Plan M\u00e9xico"},"content":{"rendered":"<figure class=\"wp-block-post-featured-image\"><img loading=\"lazy\" decoding=\"async\" width=\"1856\" height=\"904\" src=\"https:\/\/estado29.mx\/wp-content\/uploads\/2025\/02\/Screenshot_2025-02-04-17-51-31-73_6012fa4d4ddec268fc5c7112cbb265e7.jpg\" class=\"attachment-post-thumbnail size-post-thumbnail wp-post-image\" alt=\"\" style=\"object-fit:cover;\" srcset=\"https:\/\/estado29.mx\/wp-content\/uploads\/2025\/02\/Screenshot_2025-02-04-17-51-31-73_6012fa4d4ddec268fc5c7112cbb265e7.jpg 1856w, https:\/\/estado29.mx\/wp-content\/uploads\/2025\/02\/Screenshot_2025-02-04-17-51-31-73_6012fa4d4ddec268fc5c7112cbb265e7-300x146.jpg 300w, https:\/\/estado29.mx\/wp-content\/uploads\/2025\/02\/Screenshot_2025-02-04-17-51-31-73_6012fa4d4ddec268fc5c7112cbb265e7-1024x499.jpg 1024w, https:\/\/estado29.mx\/wp-content\/uploads\/2025\/02\/Screenshot_2025-02-04-17-51-31-73_6012fa4d4ddec268fc5c7112cbb265e7-768x374.jpg 768w, https:\/\/estado29.mx\/wp-content\/uploads\/2025\/02\/Screenshot_2025-02-04-17-51-31-73_6012fa4d4ddec268fc5c7112cbb265e7-1536x748.jpg 1536w, https:\/\/estado29.mx\/wp-content\/uploads\/2025\/02\/Screenshot_2025-02-04-17-51-31-73_6012fa4d4ddec268fc5c7112cbb265e7-750x365.jpg 750w, https:\/\/estado29.mx\/wp-content\/uploads\/2025\/02\/Screenshot_2025-02-04-17-51-31-73_6012fa4d4ddec268fc5c7112cbb265e7-1140x555.jpg 1140w\" sizes=\"auto, (max-width: 1856px) 100vw, 1856px\" \/><\/figure>\n\n\n<p>La presidenta de M\u00e9xico, Claudia Sheinbaum, hizo un llamado al sector empresarial para fortalecer el Plan M\u00e9xico y as\u00ed impulsar el desarrollo del pa\u00eds. <\/p>\n\n\n\n<p>Durante un encuentro con 302 empresarios y empresarias, Sheinbaum agradeci\u00f3 el apoyo brindado ante el anuncio de aranceles del 25% por parte del presidente Donald Trump.<\/p>\n\n\n\n<p>Sheinbaum destac\u00f3 que la uni\u00f3n lograda entre los diferentes sectores fue fundamental para enfrentar esta situaci\u00f3n. &#8220;La verdad fue muy emocionante el domingo que todas las c\u00e1maras empresariales hicieron un comunicado p\u00fablico de inmediato&#8221;, se\u00f1al\u00f3.<\/p>\n\n\n\n<p>La presidenta tambi\u00e9n reiter\u00f3 que durante su conversaci\u00f3n con Trump mantuvo la serenidad y la convicci\u00f3n de que la soberan\u00eda de M\u00e9xico no es negociable. <\/p>\n","protected":false},"excerpt":{"rendered":"<p>La presidenta de M\u00e9xico, Claudia Sheinbaum, hizo un llamado al sector empresarial para fortalecer el Plan M\u00e9xico y as\u00ed impulsar el desarrollo del pa\u00eds. Durante un encuentro con 302 empresarios y empresarias, Sheinbaum agradeci\u00f3 el apoyo brindado ante el anuncio de aranceles del 25% por parte del presidente Donald Trump. Sheinbaum destac\u00f3 que la uni\u00f3n [&hellip;]<\/p>\n","protected":false},"author":4,"featured_media":93087,"comment_status":"open","ping_status":"open","sticky":false,"template":"","format":"standard","meta":{"om_disable_all_campaigns":false,"_monsterinsights_skip_tracking":false,"_monsterinsights_sitenote_active":false,"_monsterinsights_sitenote_note":"","_monsterinsights_sitenote_category":0,"jnews-multi-image_gallery":[],"jnews_single_post":{"format":"standard"},"jnews_primary_category":[],"footnotes":""},"categories":[1],"tags":[],"class_list":["post-93086","post","type-post","status-publish","format-standard","has-post-thumbnail","hentry","category-uncategorized"],"aioseo_notices":[],"_links":{"self":[{"href":"https:\/\/estado29.mx\/index.php?rest_route=\/wp\/v2\/posts\/93086","targetHints":{"allow":["GET"]}}],"collection":[{"href":"https:\/\/estado29.mx\/index.php?rest_route=\/wp\/v2\/posts"}],"about":[{"href":"https:\/\/estado29.mx\/index.php?rest_route=\/wp\/v2\/types\/post"}],"author":[{"embeddable":true,"href":"https:\/\/estado29.mx\/index.php?rest_route=\/wp\/v2\/users\/4"}],"replies":[{"embeddable":true,"href":"https:\/\/estado29.mx\/index.php?rest_route=%2Fwp%2Fv2%2Fcomments&post=93086"}],"version-history":[{"count":1,"href":"https:\/\/estado29.mx\/index.php?rest_route=\/wp\/v2\/posts\/93086\/revisions"}],"predecessor-version":[{"id":93088,"href":"https:\/\/estado29.mx\/index.php?rest_route=\/wp\/v2\/posts\/93086\/revisions\/93088"}],"wp:featuredmedia":[{"embeddable":true,"href":"https:\/\/estado29.mx\/index.php?rest_route=\/wp\/v2\/media\/93087"}],"wp:attachment":[{"href":"https:\/\/estado29.mx\/index.php?rest_route=%2Fwp%2Fv2%2Fmedia&parent=93086"}],"wp:term":[{"taxonomy":"category","embeddable":true,"href":"https:\/\/estado29.mx\/index.php?rest_route=%2Fwp%2Fv2%2Fcategories&post=93086"},{"taxonomy":"post_tag","embeddable":true,"href":"https:\/\/estado29.mx\/index.php?rest_route=%2Fwp%2Fv2%2Ftags&post=93086"}],"curies":[{"name":"wp","href":"https:\/\/api.w.org\/{rel}","templated":true}]}}