{"id":93112,"date":"2025-02-05T19:36:49","date_gmt":"2025-02-05T19:36:49","guid":{"rendered":"https:\/\/estado29.mx\/?p=93112"},"modified":"2025-02-05T19:36:50","modified_gmt":"2025-02-05T19:36:50","slug":"anuncia-coordinador-de-turismo-en-huamantla-proyectos-de-participaciones-locales-nacionales-e-internacionales-para-este-pueblo-magico","status":"publish","type":"post","link":"https:\/\/estado29.mx\/?p=93112","title":{"rendered":"Anuncia Coordinador de Turismo en Huamantla proyectos de participaciones locales, nacionales e internacionales para este Pueblo M\u00e1gico."},"content":{"rendered":"\n<p><\/p>\n\n\n\n<p>El Coordinador de Turismo en el Municipio de Huamantla, Francisco Octaviano Guti\u00e9rrez Lara, anunci\u00f3 la serie de proyectos que se tienen programados para este Pueblo M\u00e1gico.<\/p>\n\n\n\n<p><br>El Coordinador de Turismo municipal agreg\u00f3 que dentro del rescate de tradiciones que tiene Huamantla, est\u00e1 el Carnaval, por lo que en pr\u00f3ximas fechas de este mes se llevar\u00e1n a cabo presentaciones en la cabecera municipal.<\/p>\n\n\n\n<p><br>Asimismo, dijo que el compromiso del presidente municipal Juan Salvador Santos Cedillo con los huamantlecos, es generar atracci\u00f3n tur\u00edstica para el impulso en la econom\u00eda local, as\u00ed como mantener vivas, las costumbres y ra\u00edces que dan identidad a la poblaci\u00f3n de este lugar.<\/p>\n\n\n<figure class=\"wp-block-post-featured-image\"><img loading=\"lazy\" decoding=\"async\" width=\"2560\" height=\"1920\" src=\"https:\/\/estado29.mx\/wp-content\/uploads\/2025\/01\/IMG_20250131_112603-min-scaled.jpg\" class=\"attachment-post-thumbnail size-post-thumbnail wp-post-image\" alt=\"\" style=\"object-fit:cover;\" srcset=\"https:\/\/estado29.mx\/wp-content\/uploads\/2025\/01\/IMG_20250131_112603-min-scaled.jpg 2560w, https:\/\/estado29.mx\/wp-content\/uploads\/2025\/01\/IMG_20250131_112603-min-300x225.jpg 300w, https:\/\/estado29.mx\/wp-content\/uploads\/2025\/01\/IMG_20250131_112603-min-1024x768.jpg 1024w, https:\/\/estado29.mx\/wp-content\/uploads\/2025\/01\/IMG_20250131_112603-min-768x576.jpg 768w, https:\/\/estado29.mx\/wp-content\/uploads\/2025\/01\/IMG_20250131_112603-min-1536x1152.jpg 1536w, https:\/\/estado29.mx\/wp-content\/uploads\/2025\/01\/IMG_20250131_112603-min-2048x1536.jpg 2048w, https:\/\/estado29.mx\/wp-content\/uploads\/2025\/01\/IMG_20250131_112603-min-750x563.jpg 750w, https:\/\/estado29.mx\/wp-content\/uploads\/2025\/01\/IMG_20250131_112603-min-1140x855.jpg 1140w\" sizes=\"auto, (max-width: 2560px) 100vw, 2560px\" \/><\/figure>","protected":false},"excerpt":{"rendered":"<p>El Coordinador de Turismo en el Municipio de Huamantla, Francisco Octaviano Guti\u00e9rrez Lara, anunci\u00f3 la serie de proyectos que se tienen programados para este Pueblo M\u00e1gico. El Coordinador de Turismo municipal agreg\u00f3 que dentro del rescate de tradiciones que tiene Huamantla, est\u00e1 el Carnaval, por lo que en pr\u00f3ximas fechas de este mes se llevar\u00e1n [&hellip;]<\/p>\n","protected":false},"author":7,"featured_media":92993,"comment_status":"open","ping_status":"open","sticky":false,"template":"","format":"standard","meta":{"om_disable_all_campaigns":false,"_monsterinsights_skip_tracking":false,"_monsterinsights_sitenote_active":false,"_monsterinsights_sitenote_note":"","_monsterinsights_sitenote_category":0,"jnews-multi-image_gallery":[],"jnews_single_post":{"format":"standard"},"jnews_primary_category":[],"footnotes":""},"categories":[1],"tags":[],"class_list":["post-93112","post","type-post","status-publish","format-standard","has-post-thumbnail","hentry","category-uncategorized"],"aioseo_notices":[],"_links":{"self":[{"href":"https:\/\/estado29.mx\/index.php?rest_route=\/wp\/v2\/posts\/93112","targetHints":{"allow":["GET"]}}],"collection":[{"href":"https:\/\/estado29.mx\/index.php?rest_route=\/wp\/v2\/posts"}],"about":[{"href":"https:\/\/estado29.mx\/index.php?rest_route=\/wp\/v2\/types\/post"}],"author":[{"embeddable":true,"href":"https:\/\/estado29.mx\/index.php?rest_route=\/wp\/v2\/users\/7"}],"replies":[{"embeddable":true,"href":"https:\/\/estado29.mx\/index.php?rest_route=%2Fwp%2Fv2%2Fcomments&post=93112"}],"version-history":[{"count":1,"href":"https:\/\/estado29.mx\/index.php?rest_route=\/wp\/v2\/posts\/93112\/revisions"}],"predecessor-version":[{"id":93113,"href":"https:\/\/estado29.mx\/index.php?rest_route=\/wp\/v2\/posts\/93112\/revisions\/93113"}],"wp:featuredmedia":[{"embeddable":true,"href":"https:\/\/estado29.mx\/index.php?rest_route=\/wp\/v2\/media\/92993"}],"wp:attachment":[{"href":"https:\/\/estado29.mx\/index.php?rest_route=%2Fwp%2Fv2%2Fmedia&parent=93112"}],"wp:term":[{"taxonomy":"category","embeddable":true,"href":"https:\/\/estado29.mx\/index.php?rest_route=%2Fwp%2Fv2%2Fcategories&post=93112"},{"taxonomy":"post_tag","embeddable":true,"href":"https:\/\/estado29.mx\/index.php?rest_route=%2Fwp%2Fv2%2Ftags&post=93112"}],"curies":[{"name":"wp","href":"https:\/\/api.w.org\/{rel}","templated":true}]}}