{"id":93118,"date":"2025-02-05T19:42:53","date_gmt":"2025-02-05T19:42:53","guid":{"rendered":"https:\/\/estado29.mx\/?p=93118"},"modified":"2025-02-05T19:42:53","modified_gmt":"2025-02-05T19:42:53","slug":"invita-ayuntamiento-de-ixtenco-a-mujeres-a-participar-en-curso-de-defensa-personal","status":"publish","type":"post","link":"https:\/\/estado29.mx\/?p=93118","title":{"rendered":"Invita Ayuntamiento de Ixtenco a mujeres a participar en curso de defensa personal."},"content":{"rendered":"\n<p><\/p>\n\n\n\n<p>El Gobierno de Ixtenco, que preside Miriam Aline Lazo Caballero, invita a todas las mujeres del municipio a participar en el primer curso de defensa personal, el cual est\u00e1 \u00fanicamente dirigido a ellas.<\/p>\n\n\n\n<p><br>Alejandro Reyes Soto, director de la Polic\u00eda Municipal, dijo que esta iniciativa tiene como objetivo proporcionar herramientas b\u00e1sicas de autoprotecci\u00f3n y fortalecer la confianza de las participantes ante situaciones de riesgo.<\/p>\n\n\n\n<p><br>Este curso, se llevar\u00e1 a cabo el pr\u00f3ximo viernes 7 de febrero a las diez treinta de la ma\u00f1ana, en las instalaciones del auditorio de la Presidencia Municipal y ser\u00e1 impartido por personal capacitado del Centro Estatal de Prevenci\u00f3n Social del Estado (CEPS) en coordinaci\u00f3n con la Polic\u00eda Municipal de Ixtenco.<\/p>\n\n\n\n<p>Asimismo, el director de la Polic\u00eda Municipal, Alejandro Reyes Soto, destac\u00f3 que el curso no tiene l\u00edmite de edad y est\u00e1 abierto de manera gratuita a todas las mujeres interesadas en participar.<\/p>\n\n\n\n<p><br>Asimismo, reiter\u00f3 el compromiso del Ayuntamiento de Ixtenco por impulsar acciones que contribuyan a la seguridad y bienestar de la comunidad femenina.<\/p>\n\n\n\n<p>Finalmente, las autoridades locales, hacen extensa la invitaci\u00f3n a las mujeres del municipio, para que aprovechen esta oportunidad y asistir a la capacitaci\u00f3n, donde podr\u00e1n adquirir conocimientos y t\u00e9cnicas fundamentales de defensa personal.<\/p>\n\n\n<figure class=\"wp-block-post-featured-image\"><img loading=\"lazy\" decoding=\"async\" width=\"1080\" height=\"1080\" src=\"https:\/\/estado29.mx\/wp-content\/uploads\/2025\/02\/IMG-20250204-WA0015.jpg\" class=\"attachment-post-thumbnail size-post-thumbnail wp-post-image\" alt=\"\" style=\"object-fit:cover;\" srcset=\"https:\/\/estado29.mx\/wp-content\/uploads\/2025\/02\/IMG-20250204-WA0015.jpg 1080w, https:\/\/estado29.mx\/wp-content\/uploads\/2025\/02\/IMG-20250204-WA0015-300x300.jpg 300w, https:\/\/estado29.mx\/wp-content\/uploads\/2025\/02\/IMG-20250204-WA0015-1024x1024.jpg 1024w, https:\/\/estado29.mx\/wp-content\/uploads\/2025\/02\/IMG-20250204-WA0015-150x150.jpg 150w, https:\/\/estado29.mx\/wp-content\/uploads\/2025\/02\/IMG-20250204-WA0015-768x768.jpg 768w, https:\/\/estado29.mx\/wp-content\/uploads\/2025\/02\/IMG-20250204-WA0015-75x75.jpg 75w, https:\/\/estado29.mx\/wp-content\/uploads\/2025\/02\/IMG-20250204-WA0015-350x350.jpg 350w, https:\/\/estado29.mx\/wp-content\/uploads\/2025\/02\/IMG-20250204-WA0015-750x750.jpg 750w\" sizes=\"auto, (max-width: 1080px) 100vw, 1080px\" \/><\/figure>","protected":false},"excerpt":{"rendered":"<p>El Gobierno de Ixtenco, que preside Miriam Aline Lazo Caballero, invita a todas las mujeres del municipio a participar en el primer curso de defensa personal, el cual est\u00e1 \u00fanicamente dirigido a ellas. Alejandro Reyes Soto, director de la Polic\u00eda Municipal, dijo que esta iniciativa tiene como objetivo proporcionar herramientas b\u00e1sicas de autoprotecci\u00f3n y fortalecer [&hellip;]<\/p>\n","protected":false},"author":7,"featured_media":93119,"comment_status":"open","ping_status":"open","sticky":false,"template":"","format":"standard","meta":{"om_disable_all_campaigns":false,"_monsterinsights_skip_tracking":false,"_monsterinsights_sitenote_active":false,"_monsterinsights_sitenote_note":"","_monsterinsights_sitenote_category":0,"jnews-multi-image_gallery":[],"jnews_single_post":{"format":"standard"},"jnews_primary_category":[],"footnotes":""},"categories":[1],"tags":[],"class_list":["post-93118","post","type-post","status-publish","format-standard","has-post-thumbnail","hentry","category-uncategorized"],"aioseo_notices":[],"_links":{"self":[{"href":"https:\/\/estado29.mx\/index.php?rest_route=\/wp\/v2\/posts\/93118","targetHints":{"allow":["GET"]}}],"collection":[{"href":"https:\/\/estado29.mx\/index.php?rest_route=\/wp\/v2\/posts"}],"about":[{"href":"https:\/\/estado29.mx\/index.php?rest_route=\/wp\/v2\/types\/post"}],"author":[{"embeddable":true,"href":"https:\/\/estado29.mx\/index.php?rest_route=\/wp\/v2\/users\/7"}],"replies":[{"embeddable":true,"href":"https:\/\/estado29.mx\/index.php?rest_route=%2Fwp%2Fv2%2Fcomments&post=93118"}],"version-history":[{"count":1,"href":"https:\/\/estado29.mx\/index.php?rest_route=\/wp\/v2\/posts\/93118\/revisions"}],"predecessor-version":[{"id":93120,"href":"https:\/\/estado29.mx\/index.php?rest_route=\/wp\/v2\/posts\/93118\/revisions\/93120"}],"wp:featuredmedia":[{"embeddable":true,"href":"https:\/\/estado29.mx\/index.php?rest_route=\/wp\/v2\/media\/93119"}],"wp:attachment":[{"href":"https:\/\/estado29.mx\/index.php?rest_route=%2Fwp%2Fv2%2Fmedia&parent=93118"}],"wp:term":[{"taxonomy":"category","embeddable":true,"href":"https:\/\/estado29.mx\/index.php?rest_route=%2Fwp%2Fv2%2Fcategories&post=93118"},{"taxonomy":"post_tag","embeddable":true,"href":"https:\/\/estado29.mx\/index.php?rest_route=%2Fwp%2Fv2%2Ftags&post=93118"}],"curies":[{"name":"wp","href":"https:\/\/api.w.org\/{rel}","templated":true}]}}