{"id":93126,"date":"2025-02-06T19:25:56","date_gmt":"2025-02-06T19:25:56","guid":{"rendered":"https:\/\/estado29.mx\/?p=93126"},"modified":"2025-02-06T19:25:56","modified_gmt":"2025-02-06T19:25:56","slug":"presentaran-la-feria-de-huamantla-a-finales-de-febrero","status":"publish","type":"post","link":"https:\/\/estado29.mx\/?p=93126","title":{"rendered":"Presentar\u00e1n la feria de Huamantla a finales de febrero."},"content":{"rendered":"\n<p>Paco Ugarte.<\/p>\n\n\n\n<p>Con la finalidad de elevar el nivel de promoci\u00f3n y con ello atraer un mayor n\u00famero de visitantes y turistas, es que el alcalde de Huamantla, Salvador Santos Cedillo, anunci\u00f3 que la presentaci\u00f3n de la Feria Huamantla 2025, ser\u00e1 en los \u00faltimos d\u00edas de febrero.<\/p>\n\n\n\n<p>Detall\u00f3 que se encuentra pr\u00e1cticamente lista una de las ferias m\u00e1s importantes, no solo en la regi\u00f3n, sino a nivel estatal y nacional, adem\u00e1s de buscar promocionarla de forma internacional.<\/p>\n\n\n\n<p>Expuso que en los \u00faltimos a\u00f1os se ha logrado posicionar la feria en honor a la Virgen de la Caridad como un referente tur\u00edstico, mismo que continuar\u00e1 dando de qu\u00e9 hablar de manera positiva.<\/p>\n\n\n\n<p>\u201cTenemos eventos para el gusto de todas las personas, culturales, deportivos, gastron\u00f3micos, art\u00edsticos, entre otros, que ser\u00e1n mejores que los que hemos vivido\u201d finaliz\u00f3 el edil.<\/p>\n","protected":false},"excerpt":{"rendered":"<p>Paco Ugarte. Con la finalidad de elevar el nivel de promoci\u00f3n y con ello atraer un mayor n\u00famero de visitantes y turistas, es que el alcalde de Huamantla, Salvador Santos Cedillo, anunci\u00f3 que la presentaci\u00f3n de la Feria Huamantla 2025, ser\u00e1 en los \u00faltimos d\u00edas de febrero. Detall\u00f3 que se encuentra pr\u00e1cticamente lista una de [&hellip;]<\/p>\n","protected":false},"author":5,"featured_media":93127,"comment_status":"open","ping_status":"open","sticky":false,"template":"","format":"standard","meta":{"om_disable_all_campaigns":false,"_monsterinsights_skip_tracking":false,"_monsterinsights_sitenote_active":false,"_monsterinsights_sitenote_note":"","_monsterinsights_sitenote_category":0,"jnews-multi-image_gallery":[],"jnews_single_post":{"format":"standard"},"jnews_primary_category":[],"footnotes":""},"categories":[1],"tags":[],"class_list":["post-93126","post","type-post","status-publish","format-standard","has-post-thumbnail","hentry","category-uncategorized"],"aioseo_notices":[],"_links":{"self":[{"href":"https:\/\/estado29.mx\/index.php?rest_route=\/wp\/v2\/posts\/93126","targetHints":{"allow":["GET"]}}],"collection":[{"href":"https:\/\/estado29.mx\/index.php?rest_route=\/wp\/v2\/posts"}],"about":[{"href":"https:\/\/estado29.mx\/index.php?rest_route=\/wp\/v2\/types\/post"}],"author":[{"embeddable":true,"href":"https:\/\/estado29.mx\/index.php?rest_route=\/wp\/v2\/users\/5"}],"replies":[{"embeddable":true,"href":"https:\/\/estado29.mx\/index.php?rest_route=%2Fwp%2Fv2%2Fcomments&post=93126"}],"version-history":[{"count":1,"href":"https:\/\/estado29.mx\/index.php?rest_route=\/wp\/v2\/posts\/93126\/revisions"}],"predecessor-version":[{"id":93128,"href":"https:\/\/estado29.mx\/index.php?rest_route=\/wp\/v2\/posts\/93126\/revisions\/93128"}],"wp:featuredmedia":[{"embeddable":true,"href":"https:\/\/estado29.mx\/index.php?rest_route=\/wp\/v2\/media\/93127"}],"wp:attachment":[{"href":"https:\/\/estado29.mx\/index.php?rest_route=%2Fwp%2Fv2%2Fmedia&parent=93126"}],"wp:term":[{"taxonomy":"category","embeddable":true,"href":"https:\/\/estado29.mx\/index.php?rest_route=%2Fwp%2Fv2%2Fcategories&post=93126"},{"taxonomy":"post_tag","embeddable":true,"href":"https:\/\/estado29.mx\/index.php?rest_route=%2Fwp%2Fv2%2Ftags&post=93126"}],"curies":[{"name":"wp","href":"https:\/\/api.w.org\/{rel}","templated":true}]}}