{"id":93133,"date":"2025-02-06T19:41:40","date_gmt":"2025-02-06T19:41:40","guid":{"rendered":"https:\/\/estado29.mx\/?p=93133"},"modified":"2025-02-06T19:41:41","modified_gmt":"2025-02-06T19:41:41","slug":"culmina-la-cuarta-edicion-de-la-campana-ixtenco-abrigate","status":"publish","type":"post","link":"https:\/\/estado29.mx\/?p=93133","title":{"rendered":"Culmina la Cuarta Edici\u00f3n de la Campa\u00f1a &#8220;Ixtenco abr\u00edgate&#8221;."},"content":{"rendered":"\n<p><\/p>\n\n\n\n<p>La campa\u00f1a &#8220;Ixtenco, Abr\u00edgate 2024&#8221; lleg\u00f3 a su fin, con gran \u00e9xito y el cumplimiento de su objetivo de brindar apoyo a las personas que m\u00e1s lo necesitan. <\/p>\n\n\n\n<figure class=\"wp-block-image size-large\"><img loading=\"lazy\" decoding=\"async\" width=\"692\" height=\"1024\" src=\"https:\/\/estado29.mx\/wp-content\/uploads\/2025\/02\/IMG-20250205-WA0025-692x1024.jpg\" alt=\"\" class=\"wp-image-93136\" srcset=\"https:\/\/estado29.mx\/wp-content\/uploads\/2025\/02\/IMG-20250205-WA0025-692x1024.jpg 692w, https:\/\/estado29.mx\/wp-content\/uploads\/2025\/02\/IMG-20250205-WA0025-203x300.jpg 203w, https:\/\/estado29.mx\/wp-content\/uploads\/2025\/02\/IMG-20250205-WA0025-768x1136.jpg 768w, https:\/\/estado29.mx\/wp-content\/uploads\/2025\/02\/IMG-20250205-WA0025-1038x1536.jpg 1038w, https:\/\/estado29.mx\/wp-content\/uploads\/2025\/02\/IMG-20250205-WA0025-750x1110.jpg 750w, https:\/\/estado29.mx\/wp-content\/uploads\/2025\/02\/IMG-20250205-WA0025-1140x1687.jpg 1140w, https:\/\/estado29.mx\/wp-content\/uploads\/2025\/02\/IMG-20250205-WA0025.jpg 1170w\" sizes=\"auto, (max-width: 692px) 100vw, 692px\" \/><\/figure>\n\n\n\n<p>Este a\u00f1o, en su cuarto aniversario, se logr\u00f3 llevar calor y esperanza a diversos rincones del municipio, entregando cobijas a cientos de familias, especialmente a los abuelitos que enfrentan las bajas temperaturas.<\/p>\n\n\n\n<p>La campa\u00f1a fue impulsada por Miriam Aline Lazo Caballero, presidenta municipal, quien inici\u00f3 esta noble labor hace cuatro a\u00f1os. <\/p>\n\n\n<figure class=\"wp-block-post-featured-image\"><img loading=\"lazy\" decoding=\"async\" width=\"1200\" height=\"1600\" src=\"https:\/\/estado29.mx\/wp-content\/uploads\/2025\/02\/IMG-20250205-WA0021.jpg\" class=\"attachment-post-thumbnail size-post-thumbnail wp-post-image\" alt=\"\" style=\"object-fit:cover;\" srcset=\"https:\/\/estado29.mx\/wp-content\/uploads\/2025\/02\/IMG-20250205-WA0021.jpg 1200w, https:\/\/estado29.mx\/wp-content\/uploads\/2025\/02\/IMG-20250205-WA0021-225x300.jpg 225w, https:\/\/estado29.mx\/wp-content\/uploads\/2025\/02\/IMG-20250205-WA0021-768x1024.jpg 768w, https:\/\/estado29.mx\/wp-content\/uploads\/2025\/02\/IMG-20250205-WA0021-1152x1536.jpg 1152w, https:\/\/estado29.mx\/wp-content\/uploads\/2025\/02\/IMG-20250205-WA0021-750x1000.jpg 750w, https:\/\/estado29.mx\/wp-content\/uploads\/2025\/02\/IMG-20250205-WA0021-1140x1520.jpg 1140w\" sizes=\"auto, (max-width: 1200px) 100vw, 1200px\" \/><\/figure>\n\n\n<p>Desde entonces, &#8220;Ixtenco, Abr\u00edgate&#8221; ha logrado tocar muchas vidas y fortalecer los lazos de solidaridad entre los habitantes del municipio. Durante estos a\u00f1os, se han visitado viviendas alejadas y se ha ofrecido apoyo a quienes enfrentan situaciones dif\u00edciles durante la temporada invernal.<\/p>\n\n\n\n<p>En esta edici\u00f3n, se destac\u00f3 la colaboraci\u00f3n de voluntarios y ciudadanos comprometidos con la causa, quienes trabajaron de manera conjunta para hacer posible que esta campa\u00f1a alcanzara su meta.<\/p>\n\n\n\n<figure class=\"wp-block-image size-large\"><img loading=\"lazy\" decoding=\"async\" width=\"768\" height=\"1024\" src=\"https:\/\/estado29.mx\/wp-content\/uploads\/2025\/02\/IMG-20250205-WA0026-768x1024.jpg\" alt=\"\" class=\"wp-image-93143\" srcset=\"https:\/\/estado29.mx\/wp-content\/uploads\/2025\/02\/IMG-20250205-WA0026-768x1024.jpg 768w, https:\/\/estado29.mx\/wp-content\/uploads\/2025\/02\/IMG-20250205-WA0026-225x300.jpg 225w, https:\/\/estado29.mx\/wp-content\/uploads\/2025\/02\/IMG-20250205-WA0026-1152x1536.jpg 1152w, https:\/\/estado29.mx\/wp-content\/uploads\/2025\/02\/IMG-20250205-WA0026-750x1000.jpg 750w, https:\/\/estado29.mx\/wp-content\/uploads\/2025\/02\/IMG-20250205-WA0026-1140x1520.jpg 1140w, https:\/\/estado29.mx\/wp-content\/uploads\/2025\/02\/IMG-20250205-WA0026.jpg 1200w\" sizes=\"auto, (max-width: 768px) 100vw, 768px\" \/><\/figure>\n\n\n\n<p><br>La presidenta municipal, Miriam Aline Lazo Caballero, expres\u00f3 su agradecimiento a todos los involucrados, reconociendo que este esfuerzo refleja la unidad y el amor de la comunidad de Ixtenco.<\/p>\n\n\n\n<p>&#8220;Ixtenco, Abr\u00edgate&#8221; es un claro ejemplo de la solidaridad que caracteriza a los ciudadanos, y se continuar\u00e1 trabajando en iniciativas que fortalezcan el bienestar de los habitantes del municipio. La campa\u00f1a 2024 concluye con la satisfacci\u00f3n de haber cumplido su misi\u00f3n, y con la certeza de que en los pr\u00f3ximos a\u00f1os seguir\u00e1n llevando apoyo a quienes m\u00e1s lo necesitan.<\/p>\n","protected":false},"excerpt":{"rendered":"<p>La campa\u00f1a &#8220;Ixtenco, Abr\u00edgate 2024&#8221; lleg\u00f3 a su fin, con gran \u00e9xito y el cumplimiento de su objetivo de brindar apoyo a las personas que m\u00e1s lo necesitan. Este a\u00f1o, en su cuarto aniversario, se logr\u00f3 llevar calor y esperanza a diversos rincones del municipio, entregando cobijas a cientos de familias, especialmente a los abuelitos [&hellip;]<\/p>\n","protected":false},"author":7,"featured_media":93141,"comment_status":"open","ping_status":"open","sticky":false,"template":"","format":"standard","meta":{"om_disable_all_campaigns":false,"_monsterinsights_skip_tracking":false,"_monsterinsights_sitenote_active":false,"_monsterinsights_sitenote_note":"","_monsterinsights_sitenote_category":0,"jnews-multi-image_gallery":[],"jnews_single_post":{"format":"standard"},"jnews_primary_category":[],"footnotes":""},"categories":[1],"tags":[],"class_list":["post-93133","post","type-post","status-publish","format-standard","has-post-thumbnail","hentry","category-uncategorized"],"aioseo_notices":[],"_links":{"self":[{"href":"https:\/\/estado29.mx\/index.php?rest_route=\/wp\/v2\/posts\/93133","targetHints":{"allow":["GET"]}}],"collection":[{"href":"https:\/\/estado29.mx\/index.php?rest_route=\/wp\/v2\/posts"}],"about":[{"href":"https:\/\/estado29.mx\/index.php?rest_route=\/wp\/v2\/types\/post"}],"author":[{"embeddable":true,"href":"https:\/\/estado29.mx\/index.php?rest_route=\/wp\/v2\/users\/7"}],"replies":[{"embeddable":true,"href":"https:\/\/estado29.mx\/index.php?rest_route=%2Fwp%2Fv2%2Fcomments&post=93133"}],"version-history":[{"count":2,"href":"https:\/\/estado29.mx\/index.php?rest_route=\/wp\/v2\/posts\/93133\/revisions"}],"predecessor-version":[{"id":93144,"href":"https:\/\/estado29.mx\/index.php?rest_route=\/wp\/v2\/posts\/93133\/revisions\/93144"}],"wp:featuredmedia":[{"embeddable":true,"href":"https:\/\/estado29.mx\/index.php?rest_route=\/wp\/v2\/media\/93141"}],"wp:attachment":[{"href":"https:\/\/estado29.mx\/index.php?rest_route=%2Fwp%2Fv2%2Fmedia&parent=93133"}],"wp:term":[{"taxonomy":"category","embeddable":true,"href":"https:\/\/estado29.mx\/index.php?rest_route=%2Fwp%2Fv2%2Fcategories&post=93133"},{"taxonomy":"post_tag","embeddable":true,"href":"https:\/\/estado29.mx\/index.php?rest_route=%2Fwp%2Fv2%2Ftags&post=93133"}],"curies":[{"name":"wp","href":"https:\/\/api.w.org\/{rel}","templated":true}]}}