{"id":93145,"date":"2025-02-06T19:46:09","date_gmt":"2025-02-06T19:46:09","guid":{"rendered":"https:\/\/estado29.mx\/?p=93145"},"modified":"2025-02-06T19:46:09","modified_gmt":"2025-02-06T19:46:09","slug":"participo-zitlaltepec-de-trinidad-sanchez-santos-ante-congreso-del-estado-con-muestra-gastronomica-denominada-con-sabor-a-zitlaltepec","status":"publish","type":"post","link":"https:\/\/estado29.mx\/?p=93145","title":{"rendered":"Particip\u00f3 Zitlaltepec de Trinidad S\u00e1nchez Santos ante Congreso del Estado con Muestra Gastron\u00f3mica denominada \u201cCon Sabor a Zitlaltepec\u201d."},"content":{"rendered":"\n<p><\/p>\n\n\n\n<p>El Ayuntamiento de Zitlaltepec de Trinidad S\u00e1nchez Santos, que preside Gudelia Palma Corona, a trav\u00e9s de la Direcci\u00f3n de cultura, tuvo el honor de representar a este municipio ante el Congreso del Estado de Tlaxcala, con una importante muestra gastron\u00f3mica denominada \u201cCon sabor a Zitlaltepec\u201d.<\/p>\n\n\n\n<figure class=\"wp-block-image size-large\"><img loading=\"lazy\" decoding=\"async\" width=\"768\" height=\"1024\" src=\"https:\/\/estado29.mx\/wp-content\/uploads\/2025\/02\/IMG-20250205-WA0033-768x1024.jpg\" alt=\"\" class=\"wp-image-93146\" srcset=\"https:\/\/estado29.mx\/wp-content\/uploads\/2025\/02\/IMG-20250205-WA0033-768x1024.jpg 768w, https:\/\/estado29.mx\/wp-content\/uploads\/2025\/02\/IMG-20250205-WA0033-225x300.jpg 225w, https:\/\/estado29.mx\/wp-content\/uploads\/2025\/02\/IMG-20250205-WA0033-1152x1536.jpg 1152w, https:\/\/estado29.mx\/wp-content\/uploads\/2025\/02\/IMG-20250205-WA0033-750x1000.jpg 750w, https:\/\/estado29.mx\/wp-content\/uploads\/2025\/02\/IMG-20250205-WA0033-1140x1520.jpg 1140w, https:\/\/estado29.mx\/wp-content\/uploads\/2025\/02\/IMG-20250205-WA0033.jpg 1200w\" sizes=\"auto, (max-width: 768px) 100vw, 768px\" \/><\/figure>\n\n\n\n<p>En esta muestra, participaron diversos productores del tamal, artesanos, adem\u00e1s de la intervenci\u00f3n de la Universidad de Medicina (UBBJ), donde a trav\u00e9s de sabores, colores y con una representaci\u00f3n ancestral, fueron part\u00edcipes de un hecho hist\u00f3rico que marcar\u00e1 el rumbo cultural de dicha localidad.<\/p>\n\n\n\n<figure class=\"wp-block-image size-large\"><img loading=\"lazy\" decoding=\"async\" width=\"768\" height=\"1024\" src=\"https:\/\/estado29.mx\/wp-content\/uploads\/2025\/02\/IMG-20250205-WA0030-768x1024.jpg\" alt=\"\" class=\"wp-image-93147\" srcset=\"https:\/\/estado29.mx\/wp-content\/uploads\/2025\/02\/IMG-20250205-WA0030-768x1024.jpg 768w, https:\/\/estado29.mx\/wp-content\/uploads\/2025\/02\/IMG-20250205-WA0030-225x300.jpg 225w, https:\/\/estado29.mx\/wp-content\/uploads\/2025\/02\/IMG-20250205-WA0030-1152x1536.jpg 1152w, https:\/\/estado29.mx\/wp-content\/uploads\/2025\/02\/IMG-20250205-WA0030-750x1000.jpg 750w, https:\/\/estado29.mx\/wp-content\/uploads\/2025\/02\/IMG-20250205-WA0030-1140x1520.jpg 1140w, https:\/\/estado29.mx\/wp-content\/uploads\/2025\/02\/IMG-20250205-WA0030.jpg 1200w\" sizes=\"auto, (max-width: 768px) 100vw, 768px\" \/><\/figure>\n\n\n\n<p><br>La directora de cultura en Zitlaltepec, Frida Ximena Mart\u00ednez Rend\u00f3n, destac\u00f3 el reconocimiento que se ha dado a los tamales de Zitlaltepec, pues ya son patrimonio cultural.<\/p>\n\n\n\n<figure class=\"wp-block-image size-large\"><img loading=\"lazy\" decoding=\"async\" width=\"768\" height=\"1024\" src=\"https:\/\/estado29.mx\/wp-content\/uploads\/2025\/02\/IMG-20250205-WA0032-768x1024.jpg\" alt=\"\" class=\"wp-image-93148\" srcset=\"https:\/\/estado29.mx\/wp-content\/uploads\/2025\/02\/IMG-20250205-WA0032-768x1024.jpg 768w, https:\/\/estado29.mx\/wp-content\/uploads\/2025\/02\/IMG-20250205-WA0032-225x300.jpg 225w, https:\/\/estado29.mx\/wp-content\/uploads\/2025\/02\/IMG-20250205-WA0032-1152x1536.jpg 1152w, https:\/\/estado29.mx\/wp-content\/uploads\/2025\/02\/IMG-20250205-WA0032-750x1000.jpg 750w, https:\/\/estado29.mx\/wp-content\/uploads\/2025\/02\/IMG-20250205-WA0032-1140x1520.jpg 1140w, https:\/\/estado29.mx\/wp-content\/uploads\/2025\/02\/IMG-20250205-WA0032.jpg 1200w\" sizes=\"auto, (max-width: 768px) 100vw, 768px\" \/><\/figure>\n\n\n\n<p><br>Este evento tuvo lugar, en el Patio Vitral del Congreso del Estado, la Diputada Soraya Noem\u00ed Bocardo Phillips, Presidenta de la Comisi\u00f3n de Turismo, realiz\u00f3 el protocolo de bienvenida al Ayuntamiento de Zitlaltepec y productores del municipio, con la muestra gastron\u00f3mica &#8220;Con Sabor a Zitlaltepec&#8221;.<\/p>\n\n\n\n<figure class=\"wp-block-image size-large\"><img loading=\"lazy\" decoding=\"async\" width=\"768\" height=\"1024\" src=\"https:\/\/estado29.mx\/wp-content\/uploads\/2025\/02\/IMG-20250205-WA0031-768x1024.jpg\" alt=\"\" class=\"wp-image-93149\" srcset=\"https:\/\/estado29.mx\/wp-content\/uploads\/2025\/02\/IMG-20250205-WA0031-768x1024.jpg 768w, https:\/\/estado29.mx\/wp-content\/uploads\/2025\/02\/IMG-20250205-WA0031-225x300.jpg 225w, https:\/\/estado29.mx\/wp-content\/uploads\/2025\/02\/IMG-20250205-WA0031-1152x1536.jpg 1152w, https:\/\/estado29.mx\/wp-content\/uploads\/2025\/02\/IMG-20250205-WA0031-750x1000.jpg 750w, https:\/\/estado29.mx\/wp-content\/uploads\/2025\/02\/IMG-20250205-WA0031-1140x1520.jpg 1140w, https:\/\/estado29.mx\/wp-content\/uploads\/2025\/02\/IMG-20250205-WA0031.jpg 1200w\" sizes=\"auto, (max-width: 768px) 100vw, 768px\" \/><\/figure>\n\n\n\n<p><br>En esta participaci\u00f3n, la Diputada, Soraya Noem\u00ed Bocardo Phillips, hizo la toma de protesta al Comit\u00e9 de Turismo Municipal.<\/p>\n\n\n<figure class=\"wp-block-post-featured-image\"><img loading=\"lazy\" decoding=\"async\" width=\"1200\" height=\"1600\" src=\"https:\/\/estado29.mx\/wp-content\/uploads\/2025\/02\/IMG-20250205-WA0028.jpg\" class=\"attachment-post-thumbnail size-post-thumbnail wp-post-image\" alt=\"\" style=\"object-fit:cover;\" srcset=\"https:\/\/estado29.mx\/wp-content\/uploads\/2025\/02\/IMG-20250205-WA0028.jpg 1200w, https:\/\/estado29.mx\/wp-content\/uploads\/2025\/02\/IMG-20250205-WA0028-225x300.jpg 225w, https:\/\/estado29.mx\/wp-content\/uploads\/2025\/02\/IMG-20250205-WA0028-768x1024.jpg 768w, https:\/\/estado29.mx\/wp-content\/uploads\/2025\/02\/IMG-20250205-WA0028-1152x1536.jpg 1152w, https:\/\/estado29.mx\/wp-content\/uploads\/2025\/02\/IMG-20250205-WA0028-750x1000.jpg 750w, https:\/\/estado29.mx\/wp-content\/uploads\/2025\/02\/IMG-20250205-WA0028-1140x1520.jpg 1140w\" sizes=\"auto, (max-width: 1200px) 100vw, 1200px\" \/><\/figure>","protected":false},"excerpt":{"rendered":"<p>El Ayuntamiento de Zitlaltepec de Trinidad S\u00e1nchez Santos, que preside Gudelia Palma Corona, a trav\u00e9s de la Direcci\u00f3n de cultura, tuvo el honor de representar a este municipio ante el Congreso del Estado de Tlaxcala, con una importante muestra gastron\u00f3mica denominada \u201cCon sabor a Zitlaltepec\u201d. En esta muestra, participaron diversos productores del tamal, artesanos, adem\u00e1s [&hellip;]<\/p>\n","protected":false},"author":7,"featured_media":93134,"comment_status":"open","ping_status":"open","sticky":false,"template":"","format":"standard","meta":{"om_disable_all_campaigns":false,"_monsterinsights_skip_tracking":false,"_monsterinsights_sitenote_active":false,"_monsterinsights_sitenote_note":"","_monsterinsights_sitenote_category":0,"jnews-multi-image_gallery":[],"jnews_single_post":{"format":"standard"},"jnews_primary_category":[],"footnotes":""},"categories":[1],"tags":[],"class_list":["post-93145","post","type-post","status-publish","format-standard","has-post-thumbnail","hentry","category-uncategorized"],"aioseo_notices":[],"_links":{"self":[{"href":"https:\/\/estado29.mx\/index.php?rest_route=\/wp\/v2\/posts\/93145","targetHints":{"allow":["GET"]}}],"collection":[{"href":"https:\/\/estado29.mx\/index.php?rest_route=\/wp\/v2\/posts"}],"about":[{"href":"https:\/\/estado29.mx\/index.php?rest_route=\/wp\/v2\/types\/post"}],"author":[{"embeddable":true,"href":"https:\/\/estado29.mx\/index.php?rest_route=\/wp\/v2\/users\/7"}],"replies":[{"embeddable":true,"href":"https:\/\/estado29.mx\/index.php?rest_route=%2Fwp%2Fv2%2Fcomments&post=93145"}],"version-history":[{"count":1,"href":"https:\/\/estado29.mx\/index.php?rest_route=\/wp\/v2\/posts\/93145\/revisions"}],"predecessor-version":[{"id":93150,"href":"https:\/\/estado29.mx\/index.php?rest_route=\/wp\/v2\/posts\/93145\/revisions\/93150"}],"wp:featuredmedia":[{"embeddable":true,"href":"https:\/\/estado29.mx\/index.php?rest_route=\/wp\/v2\/media\/93134"}],"wp:attachment":[{"href":"https:\/\/estado29.mx\/index.php?rest_route=%2Fwp%2Fv2%2Fmedia&parent=93145"}],"wp:term":[{"taxonomy":"category","embeddable":true,"href":"https:\/\/estado29.mx\/index.php?rest_route=%2Fwp%2Fv2%2Fcategories&post=93145"},{"taxonomy":"post_tag","embeddable":true,"href":"https:\/\/estado29.mx\/index.php?rest_route=%2Fwp%2Fv2%2Ftags&post=93145"}],"curies":[{"name":"wp","href":"https:\/\/api.w.org\/{rel}","templated":true}]}}