{"id":93151,"date":"2025-02-06T20:51:40","date_gmt":"2025-02-06T20:51:40","guid":{"rendered":"https:\/\/estado29.mx\/?p=93151"},"modified":"2025-02-06T20:51:41","modified_gmt":"2025-02-06T20:51:41","slug":"inaugura-gobernadora-de-tlaxcala-centro-de-comando-y-control-c2-en-el-carmen-tequexquitla","status":"publish","type":"post","link":"https:\/\/estado29.mx\/?p=93151","title":{"rendered":"Inaugura Gobernadora de Tlaxcala Centro de Comando y Control (C2) en El Carmen Tequexquitla."},"content":{"rendered":"\n<p><\/p>\n\n\n\n<p>Hoy jueves seis de febrero del a\u00f1o en curso, la Gobernadora del Estado de Tlaxcala, Lorena Cuellar Cisneros en su recorrido por la zona oriente del estado, inaugur\u00f3 en el Carmen Tequexquitla el Centro de Comando Y control (C2) y la entrega de Viviendas Adecuadas con Espacios Dignos 2025.<\/p>\n\n\n\n<p>En su intervenci\u00f3n, Lorena Cuellar Cisneros, dijo que mediante estas acciones se har\u00e1 de Tlaxcala, un estado seguro, as\u00ed como de Tequexquitla, pues es un punto importante de conexi\u00f3n mediante sus carreteras, adem\u00e1s de mejorar las condiciones de vida de los beneficiarios del programa Viviendas Adecuadas con Espacios Dignos 2025.<\/p>\n\n\n\n<figure class=\"wp-block-image size-full\"><img loading=\"lazy\" decoding=\"async\" width=\"720\" height=\"480\" src=\"https:\/\/estado29.mx\/wp-content\/uploads\/2025\/02\/FB_IMG_1738872891823-1.jpg\" alt=\"\" class=\"wp-image-93155\" srcset=\"https:\/\/estado29.mx\/wp-content\/uploads\/2025\/02\/FB_IMG_1738872891823-1.jpg 720w, https:\/\/estado29.mx\/wp-content\/uploads\/2025\/02\/FB_IMG_1738872891823-1-300x200.jpg 300w\" sizes=\"auto, (max-width: 720px) 100vw, 720px\" \/><\/figure>\n\n\n\n<p>Cuellar Cisneros, destac\u00f3 que este (C2) en Tequexquitla es importante, pues este municipio conecta con el Estado de Puebla, por lo que se mantendr\u00e1n vigilados diversos puntos de conexi\u00f3n.<\/p>\n\n\n\n<p><br>Por su Parte, la presidenta municipal de El Carmen Tequexquitla Mar\u00eda Araceli Mart\u00ednez cort\u00e9s, agradeci\u00f3 que apoyo de la gobernadora, Lorena Cuellar, puntualizando que este Centro de Control y Comando (C2) permitir\u00e1 garantizar la seguridad a los habitantes de este lugar, as\u00ed como con la entrega de viviendas a pobladores, mejorando las condiciones de vida de ellos.<br>Para finalizar el evento protocolario, se procedi\u00f3 a realizar el corte de list\u00f3n inaugural del C2.<\/p>\n\n\n<figure class=\"wp-block-post-featured-image\"><img loading=\"lazy\" decoding=\"async\" width=\"720\" height=\"540\" src=\"https:\/\/estado29.mx\/wp-content\/uploads\/2025\/02\/FB_IMG_1738872885860-1.jpg\" class=\"attachment-post-thumbnail size-post-thumbnail wp-post-image\" alt=\"\" style=\"object-fit:cover;\" srcset=\"https:\/\/estado29.mx\/wp-content\/uploads\/2025\/02\/FB_IMG_1738872885860-1.jpg 720w, https:\/\/estado29.mx\/wp-content\/uploads\/2025\/02\/FB_IMG_1738872885860-1-300x225.jpg 300w\" sizes=\"auto, (max-width: 720px) 100vw, 720px\" \/><\/figure>","protected":false},"excerpt":{"rendered":"<p>Hoy jueves seis de febrero del a\u00f1o en curso, la Gobernadora del Estado de Tlaxcala, Lorena Cuellar Cisneros en su recorrido por la zona oriente del estado, inaugur\u00f3 en el Carmen Tequexquitla el Centro de Comando Y control (C2) y la entrega de Viviendas Adecuadas con Espacios Dignos 2025. En su intervenci\u00f3n, Lorena Cuellar Cisneros, [&hellip;]<\/p>\n","protected":false},"author":7,"featured_media":93154,"comment_status":"open","ping_status":"open","sticky":false,"template":"","format":"standard","meta":{"om_disable_all_campaigns":false,"_monsterinsights_skip_tracking":false,"_monsterinsights_sitenote_active":false,"_monsterinsights_sitenote_note":"","_monsterinsights_sitenote_category":0,"jnews-multi-image_gallery":[],"jnews_single_post":{"format":"standard"},"jnews_primary_category":[],"footnotes":""},"categories":[1],"tags":[],"class_list":["post-93151","post","type-post","status-publish","format-standard","has-post-thumbnail","hentry","category-uncategorized"],"aioseo_notices":[],"_links":{"self":[{"href":"https:\/\/estado29.mx\/index.php?rest_route=\/wp\/v2\/posts\/93151","targetHints":{"allow":["GET"]}}],"collection":[{"href":"https:\/\/estado29.mx\/index.php?rest_route=\/wp\/v2\/posts"}],"about":[{"href":"https:\/\/estado29.mx\/index.php?rest_route=\/wp\/v2\/types\/post"}],"author":[{"embeddable":true,"href":"https:\/\/estado29.mx\/index.php?rest_route=\/wp\/v2\/users\/7"}],"replies":[{"embeddable":true,"href":"https:\/\/estado29.mx\/index.php?rest_route=%2Fwp%2Fv2%2Fcomments&post=93151"}],"version-history":[{"count":1,"href":"https:\/\/estado29.mx\/index.php?rest_route=\/wp\/v2\/posts\/93151\/revisions"}],"predecessor-version":[{"id":93156,"href":"https:\/\/estado29.mx\/index.php?rest_route=\/wp\/v2\/posts\/93151\/revisions\/93156"}],"wp:featuredmedia":[{"embeddable":true,"href":"https:\/\/estado29.mx\/index.php?rest_route=\/wp\/v2\/media\/93154"}],"wp:attachment":[{"href":"https:\/\/estado29.mx\/index.php?rest_route=%2Fwp%2Fv2%2Fmedia&parent=93151"}],"wp:term":[{"taxonomy":"category","embeddable":true,"href":"https:\/\/estado29.mx\/index.php?rest_route=%2Fwp%2Fv2%2Fcategories&post=93151"},{"taxonomy":"post_tag","embeddable":true,"href":"https:\/\/estado29.mx\/index.php?rest_route=%2Fwp%2Fv2%2Ftags&post=93151"}],"curies":[{"name":"wp","href":"https:\/\/api.w.org\/{rel}","templated":true}]}}