{"id":93169,"date":"2025-02-07T02:50:28","date_gmt":"2025-02-07T02:50:28","guid":{"rendered":"https:\/\/estado29.mx\/?p=93169"},"modified":"2025-02-07T02:50:29","modified_gmt":"2025-02-07T02:50:29","slug":"hoy-ultimo-dia-de-campana-de-escrituracion-a-bajo-costo-en-ixtenco","status":"publish","type":"post","link":"https:\/\/estado29.mx\/?p=93169","title":{"rendered":"Hoy \u00faltimo d\u00eda de campa\u00f1a de \u201cEscrituraci\u00f3n a bajo costo\u201d en Ixtenco."},"content":{"rendered":"\n<p><\/p>\n\n\n\n<p>El Gobierno Municipal de Ixtenco, que preside Miriam Aline Lazo Caballero, informa a pobladores de este lugar que hoy 7 de febrero, es el \u00faltimo d\u00eda para aprovechar la campa\u00f1a de escrituraci\u00f3n de hogares y terrenos.<\/p>\n\n\n\n<p><br>La alcaldesa refiri\u00f3 que esta iniciativa tiene como objetivo apoyar a los habitantes de esta localidad, en la legalizaci\u00f3n de sus propiedades, ofreciendo un subsidio del 35% en gastos notariales.<\/p>\n\n\n\n<p><br>El d\u00eda de hoy, es la \u00faltima oportunidad para que los ciudadanos acudan en un horario de 11 de la ma\u00f1ana a 3 de la tarde, para poder recibir la asesor\u00eda necesaria para regularizar su propiedad.<\/p>\n\n\n\n<p><br>La atenci\u00f3n se brinda en las oficinas del Gobierno Municipal de Ixtenco, en coordinaci\u00f3n con el despacho jur\u00eddico Leal Petriciole.<\/p>\n\n\n\n<p><br>Para finalizar, la edil hizo extensa la invitaci\u00f3n a la comunidad, para que aprovechen esta \u00faltima oportunidad antes de que finalice la campa\u00f1a.<\/p>\n\n\n<figure class=\"wp-block-post-featured-image\"><img loading=\"lazy\" decoding=\"async\" width=\"1599\" height=\"1600\" src=\"https:\/\/estado29.mx\/wp-content\/uploads\/2025\/02\/IMG-20250206-WA0018.jpg\" class=\"attachment-post-thumbnail size-post-thumbnail wp-post-image\" alt=\"\" style=\"object-fit:cover;\" srcset=\"https:\/\/estado29.mx\/wp-content\/uploads\/2025\/02\/IMG-20250206-WA0018.jpg 1599w, https:\/\/estado29.mx\/wp-content\/uploads\/2025\/02\/IMG-20250206-WA0018-300x300.jpg 300w, https:\/\/estado29.mx\/wp-content\/uploads\/2025\/02\/IMG-20250206-WA0018-1024x1024.jpg 1024w, https:\/\/estado29.mx\/wp-content\/uploads\/2025\/02\/IMG-20250206-WA0018-150x150.jpg 150w, https:\/\/estado29.mx\/wp-content\/uploads\/2025\/02\/IMG-20250206-WA0018-768x768.jpg 768w, https:\/\/estado29.mx\/wp-content\/uploads\/2025\/02\/IMG-20250206-WA0018-1536x1536.jpg 1536w, https:\/\/estado29.mx\/wp-content\/uploads\/2025\/02\/IMG-20250206-WA0018-75x75.jpg 75w, https:\/\/estado29.mx\/wp-content\/uploads\/2025\/02\/IMG-20250206-WA0018-350x350.jpg 350w, https:\/\/estado29.mx\/wp-content\/uploads\/2025\/02\/IMG-20250206-WA0018-750x750.jpg 750w, https:\/\/estado29.mx\/wp-content\/uploads\/2025\/02\/IMG-20250206-WA0018-1140x1141.jpg 1140w\" sizes=\"auto, (max-width: 1599px) 100vw, 1599px\" \/><\/figure>","protected":false},"excerpt":{"rendered":"<p>El Gobierno Municipal de Ixtenco, que preside Miriam Aline Lazo Caballero, informa a pobladores de este lugar que hoy 7 de febrero, es el \u00faltimo d\u00eda para aprovechar la campa\u00f1a de escrituraci\u00f3n de hogares y terrenos. La alcaldesa refiri\u00f3 que esta iniciativa tiene como objetivo apoyar a los habitantes de esta localidad, en la legalizaci\u00f3n [&hellip;]<\/p>\n","protected":false},"author":7,"featured_media":93170,"comment_status":"open","ping_status":"open","sticky":false,"template":"","format":"standard","meta":{"om_disable_all_campaigns":false,"_monsterinsights_skip_tracking":false,"_monsterinsights_sitenote_active":false,"_monsterinsights_sitenote_note":"","_monsterinsights_sitenote_category":0,"jnews-multi-image_gallery":[],"jnews_single_post":{"format":"standard"},"jnews_primary_category":[],"footnotes":""},"categories":[1],"tags":[],"class_list":["post-93169","post","type-post","status-publish","format-standard","has-post-thumbnail","hentry","category-uncategorized"],"aioseo_notices":[],"_links":{"self":[{"href":"https:\/\/estado29.mx\/index.php?rest_route=\/wp\/v2\/posts\/93169","targetHints":{"allow":["GET"]}}],"collection":[{"href":"https:\/\/estado29.mx\/index.php?rest_route=\/wp\/v2\/posts"}],"about":[{"href":"https:\/\/estado29.mx\/index.php?rest_route=\/wp\/v2\/types\/post"}],"author":[{"embeddable":true,"href":"https:\/\/estado29.mx\/index.php?rest_route=\/wp\/v2\/users\/7"}],"replies":[{"embeddable":true,"href":"https:\/\/estado29.mx\/index.php?rest_route=%2Fwp%2Fv2%2Fcomments&post=93169"}],"version-history":[{"count":1,"href":"https:\/\/estado29.mx\/index.php?rest_route=\/wp\/v2\/posts\/93169\/revisions"}],"predecessor-version":[{"id":93171,"href":"https:\/\/estado29.mx\/index.php?rest_route=\/wp\/v2\/posts\/93169\/revisions\/93171"}],"wp:featuredmedia":[{"embeddable":true,"href":"https:\/\/estado29.mx\/index.php?rest_route=\/wp\/v2\/media\/93170"}],"wp:attachment":[{"href":"https:\/\/estado29.mx\/index.php?rest_route=%2Fwp%2Fv2%2Fmedia&parent=93169"}],"wp:term":[{"taxonomy":"category","embeddable":true,"href":"https:\/\/estado29.mx\/index.php?rest_route=%2Fwp%2Fv2%2Fcategories&post=93169"},{"taxonomy":"post_tag","embeddable":true,"href":"https:\/\/estado29.mx\/index.php?rest_route=%2Fwp%2Fv2%2Ftags&post=93169"}],"curies":[{"name":"wp","href":"https:\/\/api.w.org\/{rel}","templated":true}]}}