{"id":93199,"date":"2025-02-08T04:17:11","date_gmt":"2025-02-08T04:17:11","guid":{"rendered":"https:\/\/estado29.mx\/?p=93199"},"modified":"2025-02-08T04:17:11","modified_gmt":"2025-02-08T04:17:11","slug":"realizan-en-tequexquitla-trabajos-de-balizamiento-de-calles","status":"publish","type":"post","link":"https:\/\/estado29.mx\/?p=93199","title":{"rendered":"Realizan en Tequexquitla trabajos de balizamiento de calles."},"content":{"rendered":"\n<p><br>El Ayuntamiento Municipal de El Carmen Tequexquitla, que preside Mar\u00eda Araceli Mart\u00ednez Cort\u00e9s, a trav\u00e9s de la Direcci\u00f3n de Imagen Urbana trabaja para mantener y mejorar la apariencia de las calles y espacios p\u00fablicos.<\/p>\n\n\n\n<figure class=\"wp-block-image size-full\"><img loading=\"lazy\" decoding=\"async\" width=\"720\" height=\"324\" src=\"https:\/\/estado29.mx\/wp-content\/uploads\/2025\/02\/FB_IMG_1738981553798.jpg\" alt=\"\" class=\"wp-image-93201\" srcset=\"https:\/\/estado29.mx\/wp-content\/uploads\/2025\/02\/FB_IMG_1738981553798.jpg 720w, https:\/\/estado29.mx\/wp-content\/uploads\/2025\/02\/FB_IMG_1738981553798-300x135.jpg 300w\" sizes=\"auto, (max-width: 720px) 100vw, 720px\" \/><\/figure>\n\n\n\n<p><br>Una de las acciones que se llevan a cabo de manera constante es la pinta de se\u00f1al\u00e9ticas, que permite mejorar la visibilidad y legibilidad de las se\u00f1ales de tr\u00e1nsito y direcci\u00f3n, reducir la confusi\u00f3n y el riesgo de accidentes en nuestras calles, proyectar una imagen m\u00e1s ordenada y organizada de nuestro municipio, as\u00ed como fomentar la identidad y el orgullo de la comunidad.<\/p>\n\n\n\n<figure class=\"wp-block-image size-full\"><img loading=\"lazy\" decoding=\"async\" width=\"720\" height=\"998\" src=\"https:\/\/estado29.mx\/wp-content\/uploads\/2025\/02\/FB_IMG_1738981560741.jpg\" alt=\"\" class=\"wp-image-93202\" srcset=\"https:\/\/estado29.mx\/wp-content\/uploads\/2025\/02\/FB_IMG_1738981560741.jpg 720w, https:\/\/estado29.mx\/wp-content\/uploads\/2025\/02\/FB_IMG_1738981560741-216x300.jpg 216w\" sizes=\"auto, (max-width: 720px) 100vw, 720px\" \/><\/figure>\n\n\n\n<p>La pinta de se\u00f1al\u00e9ticas, es solo una parte de las acciones que se llevan a cabo para mejorar la imagen urbana de este lugar pues, tambi\u00e9n se realizan labores de limpieza y mantenimiento de espacios p\u00fablicos.<\/p>\n\n\n<figure class=\"wp-block-post-featured-image\"><img loading=\"lazy\" decoding=\"async\" width=\"720\" height=\"540\" src=\"https:\/\/estado29.mx\/wp-content\/uploads\/2025\/02\/FB_IMG_1738981544832.jpg\" class=\"attachment-post-thumbnail size-post-thumbnail wp-post-image\" alt=\"\" style=\"object-fit:cover;\" srcset=\"https:\/\/estado29.mx\/wp-content\/uploads\/2025\/02\/FB_IMG_1738981544832.jpg 720w, https:\/\/estado29.mx\/wp-content\/uploads\/2025\/02\/FB_IMG_1738981544832-300x225.jpg 300w\" sizes=\"auto, (max-width: 720px) 100vw, 720px\" \/><\/figure>","protected":false},"excerpt":{"rendered":"<p>El Ayuntamiento Municipal de El Carmen Tequexquitla, que preside Mar\u00eda Araceli Mart\u00ednez Cort\u00e9s, a trav\u00e9s de la Direcci\u00f3n de Imagen Urbana trabaja para mantener y mejorar la apariencia de las calles y espacios p\u00fablicos. Una de las acciones que se llevan a cabo de manera constante es la pinta de se\u00f1al\u00e9ticas, que permite mejorar la [&hellip;]<\/p>\n","protected":false},"author":7,"featured_media":93200,"comment_status":"open","ping_status":"open","sticky":false,"template":"","format":"standard","meta":{"om_disable_all_campaigns":false,"_monsterinsights_skip_tracking":false,"_monsterinsights_sitenote_active":false,"_monsterinsights_sitenote_note":"","_monsterinsights_sitenote_category":0,"jnews-multi-image_gallery":[],"jnews_single_post":{"format":"standard"},"jnews_primary_category":[],"footnotes":""},"categories":[1],"tags":[],"class_list":["post-93199","post","type-post","status-publish","format-standard","has-post-thumbnail","hentry","category-uncategorized"],"aioseo_notices":[],"_links":{"self":[{"href":"https:\/\/estado29.mx\/index.php?rest_route=\/wp\/v2\/posts\/93199","targetHints":{"allow":["GET"]}}],"collection":[{"href":"https:\/\/estado29.mx\/index.php?rest_route=\/wp\/v2\/posts"}],"about":[{"href":"https:\/\/estado29.mx\/index.php?rest_route=\/wp\/v2\/types\/post"}],"author":[{"embeddable":true,"href":"https:\/\/estado29.mx\/index.php?rest_route=\/wp\/v2\/users\/7"}],"replies":[{"embeddable":true,"href":"https:\/\/estado29.mx\/index.php?rest_route=%2Fwp%2Fv2%2Fcomments&post=93199"}],"version-history":[{"count":1,"href":"https:\/\/estado29.mx\/index.php?rest_route=\/wp\/v2\/posts\/93199\/revisions"}],"predecessor-version":[{"id":93203,"href":"https:\/\/estado29.mx\/index.php?rest_route=\/wp\/v2\/posts\/93199\/revisions\/93203"}],"wp:featuredmedia":[{"embeddable":true,"href":"https:\/\/estado29.mx\/index.php?rest_route=\/wp\/v2\/media\/93200"}],"wp:attachment":[{"href":"https:\/\/estado29.mx\/index.php?rest_route=%2Fwp%2Fv2%2Fmedia&parent=93199"}],"wp:term":[{"taxonomy":"category","embeddable":true,"href":"https:\/\/estado29.mx\/index.php?rest_route=%2Fwp%2Fv2%2Fcategories&post=93199"},{"taxonomy":"post_tag","embeddable":true,"href":"https:\/\/estado29.mx\/index.php?rest_route=%2Fwp%2Fv2%2Ftags&post=93199"}],"curies":[{"name":"wp","href":"https:\/\/api.w.org\/{rel}","templated":true}]}}