{"id":93204,"date":"2025-02-08T04:19:43","date_gmt":"2025-02-08T04:19:43","guid":{"rendered":"https:\/\/estado29.mx\/?p=93204"},"modified":"2025-02-08T04:19:44","modified_gmt":"2025-02-08T04:19:44","slug":"culminan-rutas-por-el-bienestar-en-ixtenco","status":"publish","type":"post","link":"https:\/\/estado29.mx\/?p=93204","title":{"rendered":"Culminan rutas por el bienestar en Ixtenco."},"content":{"rendered":"\n<p><\/p>\n\n\n\n<p>Este viernes, culminaron las Rutas por el Bienestar en Ixtenco, un espacio de en donde se estableci\u00f3 di\u00e1logo, transparencia y rendici\u00f3n de cuentas con la ciudadan\u00eda.<\/p>\n\n\n\n<figure class=\"wp-block-image size-large\"><img loading=\"lazy\" decoding=\"async\" width=\"768\" height=\"1024\" src=\"https:\/\/estado29.mx\/wp-content\/uploads\/2025\/02\/IMG-20250207-WA0007-768x1024.jpg\" alt=\"\" class=\"wp-image-93206\" srcset=\"https:\/\/estado29.mx\/wp-content\/uploads\/2025\/02\/IMG-20250207-WA0007-768x1024.jpg 768w, https:\/\/estado29.mx\/wp-content\/uploads\/2025\/02\/IMG-20250207-WA0007-225x300.jpg 225w, https:\/\/estado29.mx\/wp-content\/uploads\/2025\/02\/IMG-20250207-WA0007-750x1000.jpg 750w, https:\/\/estado29.mx\/wp-content\/uploads\/2025\/02\/IMG-20250207-WA0007.jpg 960w\" sizes=\"auto, (max-width: 768px) 100vw, 768px\" \/><\/figure>\n\n\n\n<p>Durante las giras y retornos por los distintos barrios de la localidad, la Presidenta Municipal de Ixtenco, Miriam Aline Lazo Caballero, destac\u00f3 que el objetivo principal de estos encuentros, fue no solo dar a conocer las acciones y obras realizadas durante los primeros meses de su gobierno, sino tambi\u00e9n mantener un contacto directo con los habitantes.<\/p>\n\n\n\n<figure class=\"wp-block-image size-large\"><img loading=\"lazy\" decoding=\"async\" width=\"1024\" height=\"682\" src=\"https:\/\/estado29.mx\/wp-content\/uploads\/2025\/02\/IMG-20250207-WA0002-1024x682.jpg\" alt=\"\" class=\"wp-image-93207\" srcset=\"https:\/\/estado29.mx\/wp-content\/uploads\/2025\/02\/IMG-20250207-WA0002-1024x682.jpg 1024w, https:\/\/estado29.mx\/wp-content\/uploads\/2025\/02\/IMG-20250207-WA0002-300x200.jpg 300w, https:\/\/estado29.mx\/wp-content\/uploads\/2025\/02\/IMG-20250207-WA0002-768x511.jpg 768w, https:\/\/estado29.mx\/wp-content\/uploads\/2025\/02\/IMG-20250207-WA0002-750x499.jpg 750w, https:\/\/estado29.mx\/wp-content\/uploads\/2025\/02\/IMG-20250207-WA0002-1140x759.jpg 1140w, https:\/\/estado29.mx\/wp-content\/uploads\/2025\/02\/IMG-20250207-WA0002.jpg 1280w\" sizes=\"auto, (max-width: 1024px) 100vw, 1024px\" \/><\/figure>\n\n\n\n<p><br>En estos eventos, directores y coordinadores de \u00e1rea de la administraci\u00f3n municipal, tuvieron la oportunidad de informar a los asistentes sobre los diversos servicios que se ofrecen en la presidencia municipal, fortaleciendo as\u00ed la relaci\u00f3n de confianza con la poblaci\u00f3n.<\/p>\n\n\n<figure class=\"wp-block-post-featured-image\"><img loading=\"lazy\" decoding=\"async\" width=\"1280\" height=\"853\" src=\"https:\/\/estado29.mx\/wp-content\/uploads\/2025\/02\/IMG-20250207-WA0001.jpg\" class=\"attachment-post-thumbnail size-post-thumbnail wp-post-image\" alt=\"\" style=\"object-fit:cover;\" srcset=\"https:\/\/estado29.mx\/wp-content\/uploads\/2025\/02\/IMG-20250207-WA0001.jpg 1280w, https:\/\/estado29.mx\/wp-content\/uploads\/2025\/02\/IMG-20250207-WA0001-300x200.jpg 300w, https:\/\/estado29.mx\/wp-content\/uploads\/2025\/02\/IMG-20250207-WA0001-1024x682.jpg 1024w, https:\/\/estado29.mx\/wp-content\/uploads\/2025\/02\/IMG-20250207-WA0001-768x512.jpg 768w, https:\/\/estado29.mx\/wp-content\/uploads\/2025\/02\/IMG-20250207-WA0001-750x500.jpg 750w, https:\/\/estado29.mx\/wp-content\/uploads\/2025\/02\/IMG-20250207-WA0001-1140x760.jpg 1140w\" sizes=\"auto, (max-width: 1280px) 100vw, 1280px\" \/><\/figure>\n\n\n<p>Este ejercicio de apertura y comunicaci\u00f3n continua, busca consolidar el compromiso de la administraci\u00f3n municipal, con la mejora de la calidad de vida de los ciudadanos de Ixtenco.<\/p>\n","protected":false},"excerpt":{"rendered":"<p>Este viernes, culminaron las Rutas por el Bienestar en Ixtenco, un espacio de en donde se estableci\u00f3 di\u00e1logo, transparencia y rendici\u00f3n de cuentas con la ciudadan\u00eda. Durante las giras y retornos por los distintos barrios de la localidad, la Presidenta Municipal de Ixtenco, Miriam Aline Lazo Caballero, destac\u00f3 que el objetivo principal de estos encuentros, [&hellip;]<\/p>\n","protected":false},"author":7,"featured_media":93205,"comment_status":"open","ping_status":"open","sticky":false,"template":"","format":"standard","meta":{"om_disable_all_campaigns":false,"_monsterinsights_skip_tracking":false,"_monsterinsights_sitenote_active":false,"_monsterinsights_sitenote_note":"","_monsterinsights_sitenote_category":0,"jnews-multi-image_gallery":[],"jnews_single_post":{"format":"standard"},"jnews_primary_category":[],"footnotes":""},"categories":[1],"tags":[],"class_list":["post-93204","post","type-post","status-publish","format-standard","has-post-thumbnail","hentry","category-uncategorized"],"aioseo_notices":[],"_links":{"self":[{"href":"https:\/\/estado29.mx\/index.php?rest_route=\/wp\/v2\/posts\/93204","targetHints":{"allow":["GET"]}}],"collection":[{"href":"https:\/\/estado29.mx\/index.php?rest_route=\/wp\/v2\/posts"}],"about":[{"href":"https:\/\/estado29.mx\/index.php?rest_route=\/wp\/v2\/types\/post"}],"author":[{"embeddable":true,"href":"https:\/\/estado29.mx\/index.php?rest_route=\/wp\/v2\/users\/7"}],"replies":[{"embeddable":true,"href":"https:\/\/estado29.mx\/index.php?rest_route=%2Fwp%2Fv2%2Fcomments&post=93204"}],"version-history":[{"count":1,"href":"https:\/\/estado29.mx\/index.php?rest_route=\/wp\/v2\/posts\/93204\/revisions"}],"predecessor-version":[{"id":93208,"href":"https:\/\/estado29.mx\/index.php?rest_route=\/wp\/v2\/posts\/93204\/revisions\/93208"}],"wp:featuredmedia":[{"embeddable":true,"href":"https:\/\/estado29.mx\/index.php?rest_route=\/wp\/v2\/media\/93205"}],"wp:attachment":[{"href":"https:\/\/estado29.mx\/index.php?rest_route=%2Fwp%2Fv2%2Fmedia&parent=93204"}],"wp:term":[{"taxonomy":"category","embeddable":true,"href":"https:\/\/estado29.mx\/index.php?rest_route=%2Fwp%2Fv2%2Fcategories&post=93204"},{"taxonomy":"post_tag","embeddable":true,"href":"https:\/\/estado29.mx\/index.php?rest_route=%2Fwp%2Fv2%2Ftags&post=93204"}],"curies":[{"name":"wp","href":"https:\/\/api.w.org\/{rel}","templated":true}]}}