{"id":93209,"date":"2025-02-08T04:21:44","date_gmt":"2025-02-08T04:21:44","guid":{"rendered":"https:\/\/estado29.mx\/?p=93209"},"modified":"2025-02-08T04:21:44","modified_gmt":"2025-02-08T04:21:44","slug":"convoca-gobierno-de-ixtenco-a-segunda-jornada-empleo-temporal-2025","status":"publish","type":"post","link":"https:\/\/estado29.mx\/?p=93209","title":{"rendered":"Convoca Gobierno de Ixtenco a Segunda Jornada Empleo Temporal 2025."},"content":{"rendered":"\n<p><\/p>\n\n\n\n<p>El Gobierno Municipal de Ixtenco, que encabeza Miriam Aline Lazo Caballero, anunci\u00f3 el arranque de la segunda convocatoria de empleo temporal.<\/p>\n\n\n\n<p>Ana Laura Moreno Escalona, Directora del Bienestar en este lugar, inform\u00f3 a la ciudadan\u00eda en general, especialmente a los adultos mayores del municipio, sobre la convocatoria para inscribirse en el programa municipal &#8220;Bienestar para tu Econom\u00eda&#8221;, el cual da inicio con la Segunda Jornada de Empleo Temporal 2025.<\/p>\n\n\n\n<p>Este programa tiene como principal objetivo impulsar el desarrollo econ\u00f3mico de Ixtenco y mejorar la calidad de vida de las familias, promoviendo la implementaci\u00f3n de empleo digno.<\/p>\n\n\n\n<p><br>A trav\u00e9s de este proyecto, se llevar\u00e1 a cabo el rescate y la limpieza de espacios p\u00fablicos-deportivos y \u00e1reas de uso com\u00fan, contribuyendo a la mejora del entorno y el bienestar de los habitantes.<\/p>\n\n\n\n<p>Los requisitos para participar son los siguientes:<\/p>\n\n\n\n<ul class=\"wp-block-list\">\n<li>Inscripci\u00f3n al programa mediante solicitud expresa del solicitante, la cual debe entregarse en la Oficina de Bienestar.<\/li>\n\n\n\n<li>Identificaci\u00f3n vigente.<\/li>\n\n\n\n<li>Clave \u00danica de Registro de Poblaci\u00f3n (CURP).<\/li>\n\n\n\n<li>Comprobante de domicilio (agua actualizada).<\/li>\n<\/ul>\n\n\n\n<p>Las solicitudes y la documentaci\u00f3n se recibir\u00e1n en la Oficina de Bienestar, ubicada dentro del Palacio Municipal, del 10 al 13 de febrero, en un horario de atenci\u00f3n de 9:00 de la ma\u00f1ana a 3 de la tarde.<\/p>\n\n\n\n<p>El Ayuntamiento de Ixtenco reitera su compromiso con la mejora del bienestar social, el fomento de la prosperidad local y la creaci\u00f3n de empleos dignos para sus habitantes.<\/p>\n\n\n\n<p><br>La participaci\u00f3n de la ciudadan\u00eda es esencial para seguir fortaleciendo el crecimiento y desarrollo de Ixtenco, un Pueblo M\u00e1gico lleno de historia, tradici\u00f3n y comunidad.<br>Para m\u00e1s informaci\u00f3n, los interesados pueden acudir a la Oficina de Bienestar Municipal durante los d\u00edas establecidos o comunicarse con la dependencia correspondiente.<\/p>\n\n\n<figure class=\"wp-block-post-featured-image\"><img loading=\"lazy\" decoding=\"async\" width=\"1000\" height=\"1280\" src=\"https:\/\/estado29.mx\/wp-content\/uploads\/2025\/02\/IMG-20250207-WA0014.jpg\" class=\"attachment-post-thumbnail size-post-thumbnail wp-post-image\" alt=\"\" style=\"object-fit:cover;\" srcset=\"https:\/\/estado29.mx\/wp-content\/uploads\/2025\/02\/IMG-20250207-WA0014.jpg 1000w, https:\/\/estado29.mx\/wp-content\/uploads\/2025\/02\/IMG-20250207-WA0014-234x300.jpg 234w, https:\/\/estado29.mx\/wp-content\/uploads\/2025\/02\/IMG-20250207-WA0014-800x1024.jpg 800w, https:\/\/estado29.mx\/wp-content\/uploads\/2025\/02\/IMG-20250207-WA0014-768x983.jpg 768w, https:\/\/estado29.mx\/wp-content\/uploads\/2025\/02\/IMG-20250207-WA0014-750x960.jpg 750w\" sizes=\"auto, (max-width: 1000px) 100vw, 1000px\" \/><\/figure>","protected":false},"excerpt":{"rendered":"<p>El Gobierno Municipal de Ixtenco, que encabeza Miriam Aline Lazo Caballero, anunci\u00f3 el arranque de la segunda convocatoria de empleo temporal. Ana Laura Moreno Escalona, Directora del Bienestar en este lugar, inform\u00f3 a la ciudadan\u00eda en general, especialmente a los adultos mayores del municipio, sobre la convocatoria para inscribirse en el programa municipal &#8220;Bienestar para [&hellip;]<\/p>\n","protected":false},"author":7,"featured_media":93210,"comment_status":"open","ping_status":"open","sticky":false,"template":"","format":"standard","meta":{"om_disable_all_campaigns":false,"_monsterinsights_skip_tracking":false,"_monsterinsights_sitenote_active":false,"_monsterinsights_sitenote_note":"","_monsterinsights_sitenote_category":0,"jnews-multi-image_gallery":[],"jnews_single_post":{"format":"standard"},"jnews_primary_category":[],"footnotes":""},"categories":[1],"tags":[],"class_list":["post-93209","post","type-post","status-publish","format-standard","has-post-thumbnail","hentry","category-uncategorized"],"aioseo_notices":[],"_links":{"self":[{"href":"https:\/\/estado29.mx\/index.php?rest_route=\/wp\/v2\/posts\/93209","targetHints":{"allow":["GET"]}}],"collection":[{"href":"https:\/\/estado29.mx\/index.php?rest_route=\/wp\/v2\/posts"}],"about":[{"href":"https:\/\/estado29.mx\/index.php?rest_route=\/wp\/v2\/types\/post"}],"author":[{"embeddable":true,"href":"https:\/\/estado29.mx\/index.php?rest_route=\/wp\/v2\/users\/7"}],"replies":[{"embeddable":true,"href":"https:\/\/estado29.mx\/index.php?rest_route=%2Fwp%2Fv2%2Fcomments&post=93209"}],"version-history":[{"count":1,"href":"https:\/\/estado29.mx\/index.php?rest_route=\/wp\/v2\/posts\/93209\/revisions"}],"predecessor-version":[{"id":93211,"href":"https:\/\/estado29.mx\/index.php?rest_route=\/wp\/v2\/posts\/93209\/revisions\/93211"}],"wp:featuredmedia":[{"embeddable":true,"href":"https:\/\/estado29.mx\/index.php?rest_route=\/wp\/v2\/media\/93210"}],"wp:attachment":[{"href":"https:\/\/estado29.mx\/index.php?rest_route=%2Fwp%2Fv2%2Fmedia&parent=93209"}],"wp:term":[{"taxonomy":"category","embeddable":true,"href":"https:\/\/estado29.mx\/index.php?rest_route=%2Fwp%2Fv2%2Fcategories&post=93209"},{"taxonomy":"post_tag","embeddable":true,"href":"https:\/\/estado29.mx\/index.php?rest_route=%2Fwp%2Fv2%2Ftags&post=93209"}],"curies":[{"name":"wp","href":"https:\/\/api.w.org\/{rel}","templated":true}]}}