{"id":93222,"date":"2025-02-09T20:47:26","date_gmt":"2025-02-09T20:47:26","guid":{"rendered":"https:\/\/estado29.mx\/?p=93222"},"modified":"2025-02-09T20:47:27","modified_gmt":"2025-02-09T20:47:27","slug":"rinde-camara-de-diputados-federal-a-traves-de-la-comision-de-cultura-y-cinematografia-homenaje-al-torero-destacado-pablo-hermoso-de-mendoza","status":"publish","type":"post","link":"https:\/\/estado29.mx\/?p=93222","title":{"rendered":"Rinde C\u00e1mara de Diputados Federal a trav\u00e9s de la Comisi\u00f3n de Cultura y Cinematograf\u00eda Homenaje al Torero Destacado Pablo Hermoso de Mendoza."},"content":{"rendered":"\n<p><br>Este domingo nueve de febrero del a\u00f1o en curso, la C\u00e1mara de Diputados Federal, a trav\u00e9s de la Comisi\u00f3n de Cultura y Cinematograf\u00eda del Congreso Federal, rindi\u00f3 homenaje a Pablo Hermoso de Mendoza como reconocimiento a su destacada trayectoria en la tauromaquia.<\/p>\n\n\n\n<figure class=\"wp-block-image size-large\"><img loading=\"lazy\" decoding=\"async\" width=\"768\" height=\"1024\" src=\"https:\/\/estado29.mx\/wp-content\/uploads\/2025\/02\/IMG_20250209_132239-min-768x1024.jpg\" alt=\"\" class=\"wp-image-93224\" srcset=\"https:\/\/estado29.mx\/wp-content\/uploads\/2025\/02\/IMG_20250209_132239-min-768x1024.jpg 768w, https:\/\/estado29.mx\/wp-content\/uploads\/2025\/02\/IMG_20250209_132239-min-225x300.jpg 225w, https:\/\/estado29.mx\/wp-content\/uploads\/2025\/02\/IMG_20250209_132239-min-1152x1536.jpg 1152w, https:\/\/estado29.mx\/wp-content\/uploads\/2025\/02\/IMG_20250209_132239-min-1536x2048.jpg 1536w, https:\/\/estado29.mx\/wp-content\/uploads\/2025\/02\/IMG_20250209_132239-min-750x1000.jpg 750w, https:\/\/estado29.mx\/wp-content\/uploads\/2025\/02\/IMG_20250209_132239-min-1140x1520.jpg 1140w, https:\/\/estado29.mx\/wp-content\/uploads\/2025\/02\/IMG_20250209_132239-min-scaled.jpg 1920w\" sizes=\"auto, (max-width: 768px) 100vw, 768px\" \/><\/figure>\n\n\n\n<p><br>El evento tuvo lugar en Real de Cantera Huamantla, ante la presencia de amantes de la tauromaquia en Tlaxcala y poblaci\u00f3n en general, entre aplausos, m\u00fasica y danza , se desarroll\u00f3 este emotivo evento.<\/p>\n\n\n\n<figure class=\"wp-block-image size-large\"><img loading=\"lazy\" decoding=\"async\" width=\"1024\" height=\"768\" src=\"https:\/\/estado29.mx\/wp-content\/uploads\/2025\/02\/IMG_20250209_133040-min-1024x768.jpg\" alt=\"\" class=\"wp-image-93225\" srcset=\"https:\/\/estado29.mx\/wp-content\/uploads\/2025\/02\/IMG_20250209_133040-min-1024x768.jpg 1024w, https:\/\/estado29.mx\/wp-content\/uploads\/2025\/02\/IMG_20250209_133040-min-300x225.jpg 300w, https:\/\/estado29.mx\/wp-content\/uploads\/2025\/02\/IMG_20250209_133040-min-768x576.jpg 768w, https:\/\/estado29.mx\/wp-content\/uploads\/2025\/02\/IMG_20250209_133040-min-1536x1152.jpg 1536w, https:\/\/estado29.mx\/wp-content\/uploads\/2025\/02\/IMG_20250209_133040-min-2048x1536.jpg 2048w, https:\/\/estado29.mx\/wp-content\/uploads\/2025\/02\/IMG_20250209_133040-min-750x563.jpg 750w, https:\/\/estado29.mx\/wp-content\/uploads\/2025\/02\/IMG_20250209_133040-min-1140x855.jpg 1140w\" sizes=\"auto, (max-width: 1024px) 100vw, 1024px\" \/><\/figure>\n\n\n\n<p><br>Ranulfo Rojas Bret\u00f3n, Presidente de la Asociaci\u00f3n Unidos por el Toro Bravo en Tlaxcala, en su intervenci\u00f3n destac\u00f3 la importancia de la preservaci\u00f3n de las actividades taurinas en la entidad y reconoci\u00f3 la amplia trayectoria que tiene el matador, as\u00ed como la conexi\u00f3n que genera con los animales.<\/p>\n\n\n\n<figure class=\"wp-block-image size-large\"><img loading=\"lazy\" decoding=\"async\" width=\"1024\" height=\"768\" src=\"https:\/\/estado29.mx\/wp-content\/uploads\/2025\/02\/IMG_20250209_133623-min-1024x768.jpg\" alt=\"\" class=\"wp-image-93226\" srcset=\"https:\/\/estado29.mx\/wp-content\/uploads\/2025\/02\/IMG_20250209_133623-min-1024x768.jpg 1024w, https:\/\/estado29.mx\/wp-content\/uploads\/2025\/02\/IMG_20250209_133623-min-300x225.jpg 300w, https:\/\/estado29.mx\/wp-content\/uploads\/2025\/02\/IMG_20250209_133623-min-768x576.jpg 768w, https:\/\/estado29.mx\/wp-content\/uploads\/2025\/02\/IMG_20250209_133623-min-1536x1152.jpg 1536w, https:\/\/estado29.mx\/wp-content\/uploads\/2025\/02\/IMG_20250209_133623-min-2048x1536.jpg 2048w, https:\/\/estado29.mx\/wp-content\/uploads\/2025\/02\/IMG_20250209_133623-min-750x563.jpg 750w, https:\/\/estado29.mx\/wp-content\/uploads\/2025\/02\/IMG_20250209_133623-min-1140x855.jpg 1140w\" sizes=\"auto, (max-width: 1024px) 100vw, 1024px\" \/><\/figure>\n\n\n\n<p><br>Por su Parte el Diputado Federal por el Distrito 1, Tlaxcala, Jos\u00e9 Alejandro Aguilar L\u00f3pez, reconoci\u00f3 la amplia trayectoria del matador Pablo Hermoso de Mendoza, a nivel internacional.<\/p>\n\n\n<figure class=\"wp-block-post-featured-image\"><img loading=\"lazy\" decoding=\"async\" width=\"2560\" height=\"1920\" src=\"https:\/\/estado29.mx\/wp-content\/uploads\/2025\/02\/IMG_20250209_133600-min-scaled.jpg\" class=\"attachment-post-thumbnail size-post-thumbnail wp-post-image\" alt=\"\" style=\"object-fit:cover;\" srcset=\"https:\/\/estado29.mx\/wp-content\/uploads\/2025\/02\/IMG_20250209_133600-min-scaled.jpg 2560w, https:\/\/estado29.mx\/wp-content\/uploads\/2025\/02\/IMG_20250209_133600-min-300x225.jpg 300w, https:\/\/estado29.mx\/wp-content\/uploads\/2025\/02\/IMG_20250209_133600-min-1024x768.jpg 1024w, https:\/\/estado29.mx\/wp-content\/uploads\/2025\/02\/IMG_20250209_133600-min-768x576.jpg 768w, https:\/\/estado29.mx\/wp-content\/uploads\/2025\/02\/IMG_20250209_133600-min-1536x1152.jpg 1536w, https:\/\/estado29.mx\/wp-content\/uploads\/2025\/02\/IMG_20250209_133600-min-2048x1536.jpg 2048w, https:\/\/estado29.mx\/wp-content\/uploads\/2025\/02\/IMG_20250209_133600-min-750x563.jpg 750w, https:\/\/estado29.mx\/wp-content\/uploads\/2025\/02\/IMG_20250209_133600-min-1140x855.jpg 1140w\" sizes=\"auto, (max-width: 2560px) 100vw, 2560px\" \/><\/figure>\n\n\n<p><br>En tanto, el matador de toros de talla internacional, Pablo Hermoso de Mendoza, agradeci\u00f3 a Tlaxcala este reconocimiento, principalmente a Huamantla, en su fase de retiro del arte taurino e invit\u00f3 a los asistentes al evento, a no dejar perder la tauromaquia en la entidad tlaxcalteca.<\/p>\n","protected":false},"excerpt":{"rendered":"<p>Este domingo nueve de febrero del a\u00f1o en curso, la C\u00e1mara de Diputados Federal, a trav\u00e9s de la Comisi\u00f3n de Cultura y Cinematograf\u00eda del Congreso Federal, rindi\u00f3 homenaje a Pablo Hermoso de Mendoza como reconocimiento a su destacada trayectoria en la tauromaquia. El evento tuvo lugar en Real de Cantera Huamantla, ante la presencia de [&hellip;]<\/p>\n","protected":false},"author":7,"featured_media":93223,"comment_status":"open","ping_status":"open","sticky":false,"template":"","format":"standard","meta":{"om_disable_all_campaigns":false,"_monsterinsights_skip_tracking":false,"_monsterinsights_sitenote_active":false,"_monsterinsights_sitenote_note":"","_monsterinsights_sitenote_category":0,"jnews-multi-image_gallery":[],"jnews_single_post":{"format":"standard"},"jnews_primary_category":[],"footnotes":""},"categories":[1],"tags":[],"class_list":["post-93222","post","type-post","status-publish","format-standard","has-post-thumbnail","hentry","category-uncategorized"],"aioseo_notices":[],"_links":{"self":[{"href":"https:\/\/estado29.mx\/index.php?rest_route=\/wp\/v2\/posts\/93222","targetHints":{"allow":["GET"]}}],"collection":[{"href":"https:\/\/estado29.mx\/index.php?rest_route=\/wp\/v2\/posts"}],"about":[{"href":"https:\/\/estado29.mx\/index.php?rest_route=\/wp\/v2\/types\/post"}],"author":[{"embeddable":true,"href":"https:\/\/estado29.mx\/index.php?rest_route=\/wp\/v2\/users\/7"}],"replies":[{"embeddable":true,"href":"https:\/\/estado29.mx\/index.php?rest_route=%2Fwp%2Fv2%2Fcomments&post=93222"}],"version-history":[{"count":1,"href":"https:\/\/estado29.mx\/index.php?rest_route=\/wp\/v2\/posts\/93222\/revisions"}],"predecessor-version":[{"id":93227,"href":"https:\/\/estado29.mx\/index.php?rest_route=\/wp\/v2\/posts\/93222\/revisions\/93227"}],"wp:featuredmedia":[{"embeddable":true,"href":"https:\/\/estado29.mx\/index.php?rest_route=\/wp\/v2\/media\/93223"}],"wp:attachment":[{"href":"https:\/\/estado29.mx\/index.php?rest_route=%2Fwp%2Fv2%2Fmedia&parent=93222"}],"wp:term":[{"taxonomy":"category","embeddable":true,"href":"https:\/\/estado29.mx\/index.php?rest_route=%2Fwp%2Fv2%2Fcategories&post=93222"},{"taxonomy":"post_tag","embeddable":true,"href":"https:\/\/estado29.mx\/index.php?rest_route=%2Fwp%2Fv2%2Ftags&post=93222"}],"curies":[{"name":"wp","href":"https:\/\/api.w.org\/{rel}","templated":true}]}}