{"id":93236,"date":"2025-02-10T19:50:11","date_gmt":"2025-02-10T19:50:11","guid":{"rendered":"https:\/\/estado29.mx\/?p=93236"},"modified":"2025-02-10T19:50:12","modified_gmt":"2025-02-10T19:50:12","slug":"homenaje-de-retiro-del-torero-pablo-hermoso-de-mendoza-forma-parte-del-impulso-a-las-costumbres-y-tradiciones-jose-alejandro-aguilar-lopez","status":"publish","type":"post","link":"https:\/\/estado29.mx\/?p=93236","title":{"rendered":"Homenaje de retiro del torero Pablo Hermoso de Mendoza forma parte del impulso a las costumbres y tradiciones: Jos\u00e9 Alejandro Aguilar L\u00f3pez."},"content":{"rendered":"\n<p><br>Tras el homenaje realizado este domingo, en el municipio de Huamantla, al matador de toros, Pablo Hermoso de Mendoza, por parte de la C\u00e1mara de Diputados, a trav\u00e9s de la Comisi\u00f3n de Cultura y Cinematograf\u00eda del Congreso dela Uni\u00f3n, el Diputado Federal por el Distrito 1 Tlaxcala, Jos\u00e9 Alejandro Aguilar L\u00f3pez, refiri\u00f3 que este reconocimiento a su trayectoria forma parte del impulso a las costumbre y tradiciones.<\/p>\n\n\n\n<p><br>En su mensaje, el Diputado Federal invit\u00f3 a los pobladores a encontrar el punto medio, en cuanto a leyes que se han implementado, que buscan prohibir las corridas de toros.<\/p>\n\n\n\n<p><br>Asimismo, dijo que hay que ver las corridas de toros como la cultura taurina de hace mucho tiempo a la fecha y no como tal, la muerte de los animales.<\/p>\n\n\n\n<p><br>Para finalizar, Jos\u00e9 Alejandro Aguilar L\u00f3pez, expuso situaciones similares de matanza y consumo de otras especias que sufren maltrato previo a su muerte.<\/p>\n\n\n<figure class=\"wp-block-post-featured-image\"><img loading=\"lazy\" decoding=\"async\" width=\"2560\" height=\"1963\" src=\"https:\/\/estado29.mx\/wp-content\/uploads\/2025\/02\/IMG_20250209_1426202-scaled.jpg\" class=\"attachment-post-thumbnail size-post-thumbnail wp-post-image\" alt=\"\" style=\"object-fit:cover;\" srcset=\"https:\/\/estado29.mx\/wp-content\/uploads\/2025\/02\/IMG_20250209_1426202-scaled.jpg 2560w, https:\/\/estado29.mx\/wp-content\/uploads\/2025\/02\/IMG_20250209_1426202-300x230.jpg 300w, https:\/\/estado29.mx\/wp-content\/uploads\/2025\/02\/IMG_20250209_1426202-1024x785.jpg 1024w, https:\/\/estado29.mx\/wp-content\/uploads\/2025\/02\/IMG_20250209_1426202-768x589.jpg 768w, https:\/\/estado29.mx\/wp-content\/uploads\/2025\/02\/IMG_20250209_1426202-1536x1178.jpg 1536w, https:\/\/estado29.mx\/wp-content\/uploads\/2025\/02\/IMG_20250209_1426202-2048x1571.jpg 2048w, https:\/\/estado29.mx\/wp-content\/uploads\/2025\/02\/IMG_20250209_1426202-750x575.jpg 750w, https:\/\/estado29.mx\/wp-content\/uploads\/2025\/02\/IMG_20250209_1426202-1140x874.jpg 1140w\" sizes=\"auto, (max-width: 2560px) 100vw, 2560px\" \/><\/figure>","protected":false},"excerpt":{"rendered":"<p>Tras el homenaje realizado este domingo, en el municipio de Huamantla, al matador de toros, Pablo Hermoso de Mendoza, por parte de la C\u00e1mara de Diputados, a trav\u00e9s de la Comisi\u00f3n de Cultura y Cinematograf\u00eda del Congreso dela Uni\u00f3n, el Diputado Federal por el Distrito 1 Tlaxcala, Jos\u00e9 Alejandro Aguilar L\u00f3pez, refiri\u00f3 que este reconocimiento [&hellip;]<\/p>\n","protected":false},"author":7,"featured_media":93239,"comment_status":"open","ping_status":"open","sticky":false,"template":"","format":"standard","meta":{"om_disable_all_campaigns":false,"_monsterinsights_skip_tracking":false,"_monsterinsights_sitenote_active":false,"_monsterinsights_sitenote_note":"","_monsterinsights_sitenote_category":0,"jnews-multi-image_gallery":[],"jnews_single_post":{"format":"standard"},"jnews_primary_category":[],"footnotes":""},"categories":[1],"tags":[],"class_list":["post-93236","post","type-post","status-publish","format-standard","has-post-thumbnail","hentry","category-uncategorized"],"aioseo_notices":[],"_links":{"self":[{"href":"https:\/\/estado29.mx\/index.php?rest_route=\/wp\/v2\/posts\/93236","targetHints":{"allow":["GET"]}}],"collection":[{"href":"https:\/\/estado29.mx\/index.php?rest_route=\/wp\/v2\/posts"}],"about":[{"href":"https:\/\/estado29.mx\/index.php?rest_route=\/wp\/v2\/types\/post"}],"author":[{"embeddable":true,"href":"https:\/\/estado29.mx\/index.php?rest_route=\/wp\/v2\/users\/7"}],"replies":[{"embeddable":true,"href":"https:\/\/estado29.mx\/index.php?rest_route=%2Fwp%2Fv2%2Fcomments&post=93236"}],"version-history":[{"count":1,"href":"https:\/\/estado29.mx\/index.php?rest_route=\/wp\/v2\/posts\/93236\/revisions"}],"predecessor-version":[{"id":93238,"href":"https:\/\/estado29.mx\/index.php?rest_route=\/wp\/v2\/posts\/93236\/revisions\/93238"}],"wp:featuredmedia":[{"embeddable":true,"href":"https:\/\/estado29.mx\/index.php?rest_route=\/wp\/v2\/media\/93239"}],"wp:attachment":[{"href":"https:\/\/estado29.mx\/index.php?rest_route=%2Fwp%2Fv2%2Fmedia&parent=93236"}],"wp:term":[{"taxonomy":"category","embeddable":true,"href":"https:\/\/estado29.mx\/index.php?rest_route=%2Fwp%2Fv2%2Fcategories&post=93236"},{"taxonomy":"post_tag","embeddable":true,"href":"https:\/\/estado29.mx\/index.php?rest_route=%2Fwp%2Fv2%2Ftags&post=93236"}],"curies":[{"name":"wp","href":"https:\/\/api.w.org\/{rel}","templated":true}]}}