{"id":93240,"date":"2025-02-10T19:55:06","date_gmt":"2025-02-10T19:55:06","guid":{"rendered":"https:\/\/estado29.mx\/?p=93240"},"modified":"2025-02-10T19:55:06","modified_gmt":"2025-02-10T19:55:06","slug":"ixtenco-refuerza-la-seguridad-con-acciones-preventivas-y-recuperacion-de-espacios-publicos","status":"publish","type":"post","link":"https:\/\/estado29.mx\/?p=93240","title":{"rendered":"Ixtenco refuerza la seguridad con acciones preventivas y recuperaci\u00f3n de espacios p\u00fablicos."},"content":{"rendered":"\n<p><\/p>\n\n\n\n<p>En el marco de su compromiso con la seguridad y el bienestar de la poblaci\u00f3n, el gobierno municipal de Ixtenco, encabezado por Aline Lazo Caballero, en coordinaci\u00f3n con el Centro Estatal de Prevenci\u00f3n Social (CEPS), llev\u00f3 a cabo diversas acciones con el objetivo de inhibir delitos, fortalecer la autodefensa en mujeres y promover la recuperaci\u00f3n de espacios p\u00fablicos.<\/p>\n\n\n\n<figure class=\"wp-block-image size-large\"><img loading=\"lazy\" decoding=\"async\" width=\"1024\" height=\"461\" src=\"https:\/\/estado29.mx\/wp-content\/uploads\/2025\/02\/IMG-20250209-WA0001-1024x461.jpg\" alt=\"\" class=\"wp-image-93243\" srcset=\"https:\/\/estado29.mx\/wp-content\/uploads\/2025\/02\/IMG-20250209-WA0001-1024x461.jpg 1024w, https:\/\/estado29.mx\/wp-content\/uploads\/2025\/02\/IMG-20250209-WA0001-300x135.jpg 300w, https:\/\/estado29.mx\/wp-content\/uploads\/2025\/02\/IMG-20250209-WA0001-768x346.jpg 768w, https:\/\/estado29.mx\/wp-content\/uploads\/2025\/02\/IMG-20250209-WA0001-1536x691.jpg 1536w, https:\/\/estado29.mx\/wp-content\/uploads\/2025\/02\/IMG-20250209-WA0001-750x338.jpg 750w, https:\/\/estado29.mx\/wp-content\/uploads\/2025\/02\/IMG-20250209-WA0001-1140x513.jpg 1140w, https:\/\/estado29.mx\/wp-content\/uploads\/2025\/02\/IMG-20250209-WA0001.jpg 1600w\" sizes=\"auto, (max-width: 1024px) 100vw, 1024px\" \/><\/figure>\n\n\n\n<p>Como parte de estas actividades, personal especializado imparti\u00f3 un curso de defensa personal dirigido a mujeres, brind\u00e1ndoles herramientas para su protecci\u00f3n y reacci\u00f3n ante situaciones de riesgo.<\/p>\n\n\n\n<figure class=\"wp-block-image size-large\"><img loading=\"lazy\" decoding=\"async\" width=\"1024\" height=\"768\" src=\"https:\/\/estado29.mx\/wp-content\/uploads\/2025\/02\/IMG-20250209-WA0004-1024x768.jpg\" alt=\"\" class=\"wp-image-93244\" srcset=\"https:\/\/estado29.mx\/wp-content\/uploads\/2025\/02\/IMG-20250209-WA0004-1024x768.jpg 1024w, https:\/\/estado29.mx\/wp-content\/uploads\/2025\/02\/IMG-20250209-WA0004-300x225.jpg 300w, https:\/\/estado29.mx\/wp-content\/uploads\/2025\/02\/IMG-20250209-WA0004-768x576.jpg 768w, https:\/\/estado29.mx\/wp-content\/uploads\/2025\/02\/IMG-20250209-WA0004-1536x1152.jpg 1536w, https:\/\/estado29.mx\/wp-content\/uploads\/2025\/02\/IMG-20250209-WA0004-750x563.jpg 750w, https:\/\/estado29.mx\/wp-content\/uploads\/2025\/02\/IMG-20250209-WA0004-1140x855.jpg 1140w, https:\/\/estado29.mx\/wp-content\/uploads\/2025\/02\/IMG-20250209-WA0004.jpg 1600w\" sizes=\"auto, (max-width: 1024px) 100vw, 1024px\" \/><\/figure>\n\n\n\n<p>Asimismo, estudiantes de distintas instituciones educativas participaron en una pl\u00e1tica sobre precauciones en redes sociales y la prevenci\u00f3n del ciberacoso, con el prop\u00f3sito de concientizar a la juventud sobre los riesgos en el entorno digital y fomentar un uso responsable de la tecnolog\u00eda.<\/p>\n\n\n\n<figure class=\"wp-block-image size-large\"><img loading=\"lazy\" decoding=\"async\" width=\"1024\" height=\"768\" src=\"https:\/\/estado29.mx\/wp-content\/uploads\/2025\/02\/IMG-20250209-WA0003-1024x768.jpg\" alt=\"\" class=\"wp-image-93245\" srcset=\"https:\/\/estado29.mx\/wp-content\/uploads\/2025\/02\/IMG-20250209-WA0003-1024x768.jpg 1024w, https:\/\/estado29.mx\/wp-content\/uploads\/2025\/02\/IMG-20250209-WA0003-300x225.jpg 300w, https:\/\/estado29.mx\/wp-content\/uploads\/2025\/02\/IMG-20250209-WA0003-768x576.jpg 768w, https:\/\/estado29.mx\/wp-content\/uploads\/2025\/02\/IMG-20250209-WA0003-1536x1152.jpg 1536w, https:\/\/estado29.mx\/wp-content\/uploads\/2025\/02\/IMG-20250209-WA0003-750x563.jpg 750w, https:\/\/estado29.mx\/wp-content\/uploads\/2025\/02\/IMG-20250209-WA0003-1140x855.jpg 1140w, https:\/\/estado29.mx\/wp-content\/uploads\/2025\/02\/IMG-20250209-WA0003.jpg 1600w\" sizes=\"auto, (max-width: 1024px) 100vw, 1024px\" \/><\/figure>\n\n\n\n<p>En un esfuerzo conjunto con personal del ayuntamiento y la seguridad p\u00fablica, se llev\u00f3 a cabo la recuperaci\u00f3n de un espacio p\u00fablico, donde adem\u00e1s se realiz\u00f3 la pinta del mural \u201cLa Mujer Sin Violencia\u201d, como s\u00edmbolo del compromiso municipal con la erradicaci\u00f3n de la violencia de g\u00e9nero.<\/p>\n\n\n<figure class=\"wp-block-post-featured-image\"><img loading=\"lazy\" decoding=\"async\" width=\"1920\" height=\"2560\" src=\"https:\/\/estado29.mx\/wp-content\/uploads\/2025\/02\/IMG-20250209-WA0010-scaled.jpg\" class=\"attachment-post-thumbnail size-post-thumbnail wp-post-image\" alt=\"\" style=\"object-fit:cover;\" srcset=\"https:\/\/estado29.mx\/wp-content\/uploads\/2025\/02\/IMG-20250209-WA0010-scaled.jpg 1920w, https:\/\/estado29.mx\/wp-content\/uploads\/2025\/02\/IMG-20250209-WA0010-225x300.jpg 225w, https:\/\/estado29.mx\/wp-content\/uploads\/2025\/02\/IMG-20250209-WA0010-768x1024.jpg 768w, https:\/\/estado29.mx\/wp-content\/uploads\/2025\/02\/IMG-20250209-WA0010-1152x1536.jpg 1152w, https:\/\/estado29.mx\/wp-content\/uploads\/2025\/02\/IMG-20250209-WA0010-1536x2048.jpg 1536w, https:\/\/estado29.mx\/wp-content\/uploads\/2025\/02\/IMG-20250209-WA0010-750x1000.jpg 750w, https:\/\/estado29.mx\/wp-content\/uploads\/2025\/02\/IMG-20250209-WA0010-1140x1520.jpg 1140w\" sizes=\"auto, (max-width: 1920px) 100vw, 1920px\" \/><\/figure>\n\n\n<p>Finalmente, se reforz\u00f3 la difusi\u00f3n de los n\u00fameros de emergencia y el uso correcto de la l\u00ednea de atenci\u00f3n ciudadana, con el objetivo de que la poblaci\u00f3n tenga acceso a informaci\u00f3n clave en caso de requerir apoyo. Para ello, se puso a disposici\u00f3n el n\u00famero de la comandancia municipal a trav\u00e9s de la l\u00ednea directa 247 688 19 37, la atenci\u00f3n v\u00eda WhatsApp en el 247 108 16 62, as\u00ed como el n\u00famero de emergencias 911.<\/p>\n\n\n\n<figure class=\"wp-block-image size-large\"><img loading=\"lazy\" decoding=\"async\" width=\"1024\" height=\"461\" src=\"https:\/\/estado29.mx\/wp-content\/uploads\/2025\/02\/IMG-20250209-WA0002-1024x461.jpg\" alt=\"\" class=\"wp-image-93246\" srcset=\"https:\/\/estado29.mx\/wp-content\/uploads\/2025\/02\/IMG-20250209-WA0002-1024x461.jpg 1024w, https:\/\/estado29.mx\/wp-content\/uploads\/2025\/02\/IMG-20250209-WA0002-300x135.jpg 300w, https:\/\/estado29.mx\/wp-content\/uploads\/2025\/02\/IMG-20250209-WA0002-768x346.jpg 768w, https:\/\/estado29.mx\/wp-content\/uploads\/2025\/02\/IMG-20250209-WA0002-1536x691.jpg 1536w, https:\/\/estado29.mx\/wp-content\/uploads\/2025\/02\/IMG-20250209-WA0002-750x338.jpg 750w, https:\/\/estado29.mx\/wp-content\/uploads\/2025\/02\/IMG-20250209-WA0002-1140x513.jpg 1140w, https:\/\/estado29.mx\/wp-content\/uploads\/2025\/02\/IMG-20250209-WA0002.jpg 1600w\" sizes=\"auto, (max-width: 1024px) 100vw, 1024px\" \/><\/figure>\n","protected":false},"excerpt":{"rendered":"<p>En el marco de su compromiso con la seguridad y el bienestar de la poblaci\u00f3n, el gobierno municipal de Ixtenco, encabezado por Aline Lazo Caballero, en coordinaci\u00f3n con el Centro Estatal de Prevenci\u00f3n Social (CEPS), llev\u00f3 a cabo diversas acciones con el objetivo de inhibir delitos, fortalecer la autodefensa en mujeres y promover la recuperaci\u00f3n [&hellip;]<\/p>\n","protected":false},"author":7,"featured_media":93241,"comment_status":"open","ping_status":"open","sticky":false,"template":"","format":"standard","meta":{"om_disable_all_campaigns":false,"_monsterinsights_skip_tracking":false,"_monsterinsights_sitenote_active":false,"_monsterinsights_sitenote_note":"","_monsterinsights_sitenote_category":0,"jnews-multi-image_gallery":[],"jnews_single_post":{"format":"standard"},"jnews_primary_category":[],"footnotes":""},"categories":[1],"tags":[],"class_list":["post-93240","post","type-post","status-publish","format-standard","has-post-thumbnail","hentry","category-uncategorized"],"aioseo_notices":[],"_links":{"self":[{"href":"https:\/\/estado29.mx\/index.php?rest_route=\/wp\/v2\/posts\/93240","targetHints":{"allow":["GET"]}}],"collection":[{"href":"https:\/\/estado29.mx\/index.php?rest_route=\/wp\/v2\/posts"}],"about":[{"href":"https:\/\/estado29.mx\/index.php?rest_route=\/wp\/v2\/types\/post"}],"author":[{"embeddable":true,"href":"https:\/\/estado29.mx\/index.php?rest_route=\/wp\/v2\/users\/7"}],"replies":[{"embeddable":true,"href":"https:\/\/estado29.mx\/index.php?rest_route=%2Fwp%2Fv2%2Fcomments&post=93240"}],"version-history":[{"count":1,"href":"https:\/\/estado29.mx\/index.php?rest_route=\/wp\/v2\/posts\/93240\/revisions"}],"predecessor-version":[{"id":93247,"href":"https:\/\/estado29.mx\/index.php?rest_route=\/wp\/v2\/posts\/93240\/revisions\/93247"}],"wp:featuredmedia":[{"embeddable":true,"href":"https:\/\/estado29.mx\/index.php?rest_route=\/wp\/v2\/media\/93241"}],"wp:attachment":[{"href":"https:\/\/estado29.mx\/index.php?rest_route=%2Fwp%2Fv2%2Fmedia&parent=93240"}],"wp:term":[{"taxonomy":"category","embeddable":true,"href":"https:\/\/estado29.mx\/index.php?rest_route=%2Fwp%2Fv2%2Fcategories&post=93240"},{"taxonomy":"post_tag","embeddable":true,"href":"https:\/\/estado29.mx\/index.php?rest_route=%2Fwp%2Fv2%2Ftags&post=93240"}],"curies":[{"name":"wp","href":"https:\/\/api.w.org\/{rel}","templated":true}]}}